{"id":2106,"date":"2025-10-24T10:12:06","date_gmt":"2025-10-24T08:12:06","guid":{"rendered":"https:\/\/www.gelatiamo.eu\/?p=2106"},"modified":"2025-10-24T10:32:48","modified_gmt":"2025-10-24T08:32:48","slug":"gelatiamo-en-chile-consolidacion-y-expansion","status":"publish","type":"post","link":"https:\/\/www.gelatiamo.eu\/es\/publicacion\/gelatiamo-en-chile-consolidacion-y-expansion\/","title":{"rendered":"Gelatiamo en Chile: Consolidaci\u00f3n y expansi\u00f3n"},"content":{"rendered":"\n<p>Desde que abrimos nuestra primera tienda en 2006, en <a href=\"https:\/\/www.gelatiamo.eu\/es\/nosotros\/\">Gelatiamo<\/a> hemos recorrido un emocionante camino. Lo que empez\u00f3 como una idea de compartir el aut\u00e9ntico gelato italiano, hecho con dedicaci\u00f3n y recetas propias, hoy nos ha convertido en una de las helader\u00edas favoritas de aquellos que valoran la calidad y el sabor original.<\/p>\n\n\n\n<p>Nuestro compromiso con la excelencia y la innovaci\u00f3n no ha pasado desapercibido. Cada vez son m\u00e1s los lugares del mundo que disfrutan de nuestros helados, caf\u00e9s, postres y snacks \u00fanicos. Y entre todos estos destinos, hay uno que destaca especialmente: Chile.<\/p>\n\n\n\n<p>El \u00e9xito de nuestras tiendas en este pa\u00eds ha sido excepcional, por eso, en este art\u00edculo queremos compartir con vosotros c\u00f3mo llegamos hasta all\u00ed, qu\u00e9 ha hecho posible esta conexi\u00f3n tan especial y, sobre todo, qu\u00e9 nos depara el futuro en esta tierra.<\/p>\n\n\n\n<figure class=\"wp-block-image aligncenter size-full\"><img fetchpriority=\"high\" decoding=\"async\" width=\"800\" height=\"533\" src=\"https:\/\/www.gelatiamo.eu\/wp-content\/uploads\/gelatiamo-local-calle.webp\" alt=\"\" class=\"wp-image-2107\" srcset=\"https:\/\/www.gelatiamo.eu\/wp-content\/uploads\/gelatiamo-local-calle.webp 800w, https:\/\/www.gelatiamo.eu\/wp-content\/uploads\/gelatiamo-local-calle-300x200.webp 300w, https:\/\/www.gelatiamo.eu\/wp-content\/uploads\/gelatiamo-local-calle-768x512.webp 768w\" sizes=\"(max-width: 800px) 100vw, 800px\" \/><\/figure>\n\n\n\n<h2 class=\"wp-block-heading\"><br>Crecimiento en el mercado chileno<\/h2>\n\n\n\n<p>Desde nuestra llegada al pa\u00eds, en agosto de 2019, nos hemos convertido en una de las helader\u00edas m\u00e1s demandadas y queridas, debido&nbsp; a nuestra propuesta original e innovadora de ofertar productos que beben de la tradici\u00f3n italiana, con ingredientes naturales y prestando atenci\u00f3n a cada detalle, para que los consumidores chilenos disfruten de una experiencia \u00fanica en cada visita.<\/p>\n\n\n\n<p>Con nueve tiendas funcionando y dos pr\u00f3ximas aperturas (Mall Plaza de Vespucio y Mallplaza Tr\u00e9bol 2), Chile se ha convertido en\u00a0 uno de los pa\u00edses en los que mayor desarrollo tiene la marca. Desde la primera apertura en San Pedro, Concepci\u00f3n nuestro crecimiento ha sido exponencial, gracias especialmente a la gran acogida que han tenido nuestros productos entre los consumidores tanto en Concepci\u00f3n, Santiago y Antofagasta.\u00a0<\/p>\n\n\n\n<figure class=\"wp-block-image aligncenter size-full\"><img decoding=\"async\" width=\"800\" height=\"600\" src=\"https:\/\/www.gelatiamo.eu\/wp-content\/uploads\/gelatiamo-centro-comercial.webp\" alt=\"\" class=\"wp-image-2110\" srcset=\"https:\/\/www.gelatiamo.eu\/wp-content\/uploads\/gelatiamo-centro-comercial.webp 800w, https:\/\/www.gelatiamo.eu\/wp-content\/uploads\/gelatiamo-centro-comercial-300x225.webp 300w, https:\/\/www.gelatiamo.eu\/wp-content\/uploads\/gelatiamo-centro-comercial-768x576.webp 768w\" sizes=\"(max-width: 800px) 100vw, 800px\" \/><\/figure>\n\n\n\n<h2 class=\"wp-block-heading\">Presencia actual y desarrollo futuro<\/h2>\n\n\n\n<p>Una de las principales razones por las que desde Gelatiamo decidimos llevar nuestras tiendas a Chile es porque este pa\u00eds ha demostrado ser un mercado que facilita la adaptaci\u00f3n de marcas internacionales que ofertan productos de calidad y poseen un relato original y aut\u00e9ntico.<\/p>\n\n\n\n<p>En Gelatiamo supimos ver esta oportunidad y decidimos expandirnos al mercado chileno, donde pudimos posicionarnos, ofreciendo nuestra propuesta diferenciadora dentro de la industria de los helados.<\/p>\n\n\n\n<p>Otros factores que demuestran que Chile es un entorno ideal para expandir&nbsp; nuestras helader\u00edas son: la estabilidad macroecon\u00f3mica del pa\u00eds, el crecimiento del sector gastron\u00f3mico y el comportamiento receptivo de los consumidores locales con los productos extranjeros.<\/p>\n\n\n\n<p>Uno de nuestros principales objetivos desde nuestra llegada al pa\u00eds, ha sido trasladar nuestra propuesta de gelater\u00eda y cafeter\u00eda italiana a toda la sociedad chilena, por ello ubicamos nuestros locales en localizaciones estrat\u00e9gicas.<\/p>\n\n\n\n<p>Concepci\u00f3n, Santiago y Antofagasta son las regiones en&nbsp; las que tenemos presencia y nuestra marca ya es reconocida. Con cada apertura, perfectamente planificada y ejecutada, la marca ha logrado crecer cada d\u00eda un poco m\u00e1s y hacerse un hueco en el coraz\u00f3n de los chilenos, asegur\u00e1ndose un lugar importante en la gastronom\u00eda del pa\u00eds, gracias al buen desempe\u00f1o comercial de las tiendas, a la fidelizaci\u00f3n y al posicionamiento.<\/p>\n\n\n\n<p>Aprovechando que actualmente la marca est\u00e1 en pleno proceso de expansi\u00f3n, hemos decidido continuar abriendo tiendas en estas ubicaciones, adem\u00e1s de focalizarnos en la apertura de nuevos locales en otras localizaciones o regiones de alto potencial como:<br>La <strong>Regi\u00f3n de Los Lagos<\/strong>, que combina una fuerte actividad tur\u00edstica con una creciente oferta gastron\u00f3mica, la <strong>Regi\u00f3n de La Araucan\u00eda<\/strong>, cuyo dinamismo urbano e interesantes espacios gastron\u00f3micos la convierten en una ubicaci\u00f3n atractiva para nuevas aperturas y la <strong>Regi\u00f3n de Tarapac\u00e1<\/strong>, que destaca por ser un sitio con una fuerte identidad regional, alto tr\u00e1fico tur\u00edstico y una creciente demanda por los productos diferenciados.<\/p>\n\n\n\n<p>Esta expansi\u00f3n futura la planificamos teniendo como objetivo principal llevar a todos los rincones de Chile nuestra amplia gama de productos de gelater\u00eda y cafeter\u00eda italiana.<\/p>\n\n\n\n<figure class=\"wp-block-image aligncenter size-full\"><img decoding=\"async\" width=\"800\" height=\"600\" src=\"https:\/\/www.gelatiamo.eu\/wp-content\/uploads\/gelatiamo-mostrador.webp\" alt=\"\" class=\"wp-image-2113\" srcset=\"https:\/\/www.gelatiamo.eu\/wp-content\/uploads\/gelatiamo-mostrador.webp 800w, https:\/\/www.gelatiamo.eu\/wp-content\/uploads\/gelatiamo-mostrador-300x225.webp 300w, https:\/\/www.gelatiamo.eu\/wp-content\/uploads\/gelatiamo-mostrador-768x576.webp 768w\" sizes=\"(max-width: 800px) 100vw, 800px\" \/><\/figure>\n\n\n\n<h2 class=\"wp-block-heading\">Un modelo que funciona<\/h2>\n\n\n\n<p>El paso del tiempo avala nuestra presencia en el mercado chileno. Nuestras tiendas tienen un rendimiento comercial positivo y sostenido, somos competitivos y referentes en el sector del gelato y nuestros niveles de fidelizaci\u00f3n son altos.<\/p>\n\n\n\n<p>Los consumidores chilenos de Gelatiamo no solo nos valoran por la calidad de nuestros productos, sino que tambi\u00e9n nos escogen por la experiencia gastron\u00f3mica y sensorial que ofrecemos en todos nuestros locales. Disfrutar de un gelato, un caf\u00e9 o un waffle en una de nuestras tiendas se ha convertido en uno de los momentos favoritos del d\u00eda de nuestra clientela.<\/p>\n\n\n\n<p>Gracias a nuestra amplia propuesta de art\u00edculos, nuestras cafeter\u00edas son el lugar ideal para disfrutar en cualquier \u00e9poca del a\u00f1o y cualquier momento del d\u00eda. En verano puedes tomarte un gelato, mientras que en invierno puedes decantarte por un crepe caliente. Tambi\u00e9n puedes decidir desayunar un caf\u00e9 con boller\u00eda o, si lo prefieres, merendar un milkshake.<\/p>\n\n\n\n<figure class=\"wp-block-image aligncenter size-full\"><img loading=\"lazy\" decoding=\"async\" width=\"600\" height=\"900\" src=\"https:\/\/www.gelatiamo.eu\/wp-content\/uploads\/local-gelatiamo-img.webp\" alt=\"\" class=\"wp-image-2116\" srcset=\"https:\/\/www.gelatiamo.eu\/wp-content\/uploads\/local-gelatiamo-img.webp 600w, https:\/\/www.gelatiamo.eu\/wp-content\/uploads\/local-gelatiamo-img-200x300.webp 200w\" sizes=\"(max-width: 600px) 100vw, 600px\" \/><\/figure>\n\n\n\n<h2 class=\"wp-block-heading\">Gelatiamo: una marca con presente y futuro en Chile<\/h2>\n\n\n\n<p>Es un hecho que Gelatiamo ha logrado hacerse un hueco tanto en el mercado gastron\u00f3mico chileno como en el coraz\u00f3n de sus habitantes gracias a la autenticidad de nuestra propuesta, el cuidado del trabajo y la conexi\u00f3n que hemos establecido con los consumidores.<\/p>\n\n\n\n<p>Desde nuestra llegada a Chile, el crecimiento ha sido continuo y el recibimiento espectacular, por ello nuestro objetivo es continuar con la expansi\u00f3n en el pa\u00eds, para dar a conocer el aut\u00e9ntico gelato italiano al mayor n\u00famero de chilenos posible y lograr que nuestra marca sea reconocida en cualquier punto.<\/p>\n\n\n\n<p>Adem\u00e1s de buscar nuevas aperturas en Santiago, Concepci\u00f3n y Antofagasta, nuestro objetivo es llegar a otras ciudades estrat\u00e9gicas como Temuco, Puerto Montt, Puerto Varas, Osorno, Valdivia, Iquique o Calama. Para aumentar nuestra presencia en el mercado chileno y para premiar a aquellos consumidores que aprecian la calidad, los sabores naturales y el placer de disfrutar de un delicioso helado.<\/p>\n\n\n\n<p>En Gelatiamo tenemos clara nuestra intenci\u00f3n de seguir creciendo en Chile. Por ello, mientras esperamos la llegada de las nuevas aperturas, te invitamos a visitarnos en cualquiera de <a href=\"https:\/\/www.gelatiamo.eu\/es\/pais\/chile\/\">nuestros locales<\/a> del pa\u00eds, para disfrutar de nuestros maravillosos gelatos o caf\u00e9s, con la pasi\u00f3n de siempre, en entornos inigualables.<\/p>\n\n\n\n<p>Si tu inter\u00e9s en nuestra tienda est\u00e1 m\u00e1s relacionado con el tema empresarial y est\u00e1s pensando en abrir tu franquicia Gelatiamo, puedes rellenar nuestro <a href=\"https:\/\/www.gelatiamo.eu\/es\/franquicia-gelatiamo\/\">formulario<\/a>, para que podamos contactar contigo.<br><br><\/p>\n","protected":false},"excerpt":{"rendered":"<p>Desde que abrimos nuestra primera tienda en 2006, en Gelatiamo hemos recorrido un emocionante camino. Lo que empez\u00f3 como una idea de compartir el aut\u00e9ntico gelato italiano, hecho con dedicaci\u00f3n y recetas propias, hoy nos ha convertido en una de las helader\u00edas favoritas de aquellos que valoran la calidad y el sabor original. Nuestro compromiso [&hellip;]<\/p>\n","protected":false},"author":2,"featured_media":2113,"comment_status":"closed","ping_status":"closed","sticky":false,"template":"","format":"standard","meta":{"footnotes":""},"categories":[1],"tags":[],"class_list":["post-2106","post","type-post","status-publish","format-standard","has-post-thumbnail","hentry","category-sin-categorizar"],"yoast_head":"<!-- This site is optimized with the Yoast SEO plugin v27.5 - https:\/\/yoast.com\/product\/yoast-seo-wordpress\/ -->\n<title>Gelatiamo en Chile: Consolidaci\u00f3n y expansi\u00f3n - Gelatiamo<\/title>\n<meta name=\"description\" content=\"Gelatiamo crece en Chile con nuevas tiendas y el aut\u00e9ntico sabor del gelato italiano. Calidad, tradici\u00f3n y expansi\u00f3n en todo el pa\u00eds.\" \/>\n<meta name=\"robots\" content=\"index, follow, max-snippet:-1, max-image-preview:large, max-video-preview:-1\" \/>\n<link rel=\"canonical\" href=\"https:\/\/www.gelatiamo.eu\/es\/publicacion\/gelatiamo-en-chile-consolidacion-y-expansion\/\" \/>\n<meta property=\"og:locale\" content=\"es_ES\" \/>\n<meta property=\"og:type\" content=\"article\" \/>\n<meta property=\"og:title\" content=\"Gelatiamo en Chile: Consolidaci\u00f3n y expansi\u00f3n - Gelatiamo\" \/>\n<meta property=\"og:description\" content=\"Gelatiamo crece en Chile con nuevas tiendas y el aut\u00e9ntico sabor del gelato italiano. Calidad, tradici\u00f3n y expansi\u00f3n en todo el pa\u00eds.\" \/>\n<meta property=\"og:url\" content=\"https:\/\/www.gelatiamo.eu\/es\/publicacion\/gelatiamo-en-chile-consolidacion-y-expansion\/\" \/>\n<meta property=\"og:site_name\" content=\"Gelatiamo\" \/>\n<meta property=\"article:publisher\" content=\"https:\/\/www.facebook.com\/GelatsGelatiamo\" \/>\n<meta property=\"article:published_time\" content=\"2025-10-24T08:12:06+00:00\" \/>\n<meta property=\"article:modified_time\" content=\"2025-10-24T08:32:48+00:00\" \/>\n<meta property=\"og:image\" content=\"https:\/\/www.gelatiamo.eu\/wp-content\/uploads\/gelatiamo-local-calle.webp\" \/>\n\t<meta property=\"og:image:width\" content=\"800\" \/>\n\t<meta property=\"og:image:height\" content=\"533\" \/>\n\t<meta property=\"og:image:type\" content=\"image\/webp\" \/>\n<meta name=\"author\" content=\"Gelatiamo\" \/>\n<meta name=\"twitter:card\" content=\"summary_large_image\" \/>\n<meta name=\"twitter:title\" content=\"Gelatiamo en Chile: Consolidaci\u00f3n y expansi\u00f3n - Gelatiamo\" \/>\n<meta name=\"twitter:description\" content=\"Gelatiamo crece en Chile con nuevas tiendas y el aut\u00e9ntico sabor del gelato italiano. Calidad, tradici\u00f3n y expansi\u00f3n en todo el pa\u00eds.\" \/>\n<meta name=\"twitter:image\" content=\"https:\/\/www.gelatiamo.eu\/wp-content\/uploads\/gelatiamo-local-calle.webp\" \/>\n<meta name=\"twitter:label1\" content=\"Escrito por\" \/>\n\t<meta name=\"twitter:data1\" content=\"Gelatiamo\" \/>\n\t<meta name=\"twitter:label2\" content=\"Tiempo de lectura\" \/>\n\t<meta name=\"twitter:data2\" content=\"6 minutos\" \/>\n<script type=\"application\/ld+json\" class=\"yoast-schema-graph\">{\"@context\":\"https:\\\/\\\/schema.org\",\"@graph\":[{\"@type\":\"Article\",\"@id\":\"https:\\\/\\\/www.gelatiamo.eu\\\/es\\\/publicacion\\\/gelatiamo-en-chile-consolidacion-y-expansion\\\/#article\",\"isPartOf\":{\"@id\":\"https:\\\/\\\/www.gelatiamo.eu\\\/es\\\/publicacion\\\/gelatiamo-en-chile-consolidacion-y-expansion\\\/\"},\"author\":{\"name\":\"Gelatiamo\",\"@id\":\"https:\\\/\\\/www.gelatiamo.eu\\\/es\\\/#\\\/schema\\\/person\\\/6b2efc695e6ea8b87f5ea94dcb5c0229\"},\"headline\":\"Gelatiamo en Chile: Consolidaci\u00f3n y expansi\u00f3n\",\"datePublished\":\"2025-10-24T08:12:06+00:00\",\"dateModified\":\"2025-10-24T08:32:48+00:00\",\"mainEntityOfPage\":{\"@id\":\"https:\\\/\\\/www.gelatiamo.eu\\\/es\\\/publicacion\\\/gelatiamo-en-chile-consolidacion-y-expansion\\\/\"},\"wordCount\":1092,\"publisher\":{\"@id\":\"https:\\\/\\\/www.gelatiamo.eu\\\/es\\\/#organization\"},\"image\":{\"@id\":\"https:\\\/\\\/www.gelatiamo.eu\\\/es\\\/publicacion\\\/gelatiamo-en-chile-consolidacion-y-expansion\\\/#primaryimage\"},\"thumbnailUrl\":\"https:\\\/\\\/www.gelatiamo.eu\\\/wp-content\\\/uploads\\\/gelatiamo-mostrador.webp\",\"articleSection\":[\"Sin categorizar\"],\"inLanguage\":\"es\"},{\"@type\":\"WebPage\",\"@id\":\"https:\\\/\\\/www.gelatiamo.eu\\\/es\\\/publicacion\\\/gelatiamo-en-chile-consolidacion-y-expansion\\\/\",\"url\":\"https:\\\/\\\/www.gelatiamo.eu\\\/es\\\/publicacion\\\/gelatiamo-en-chile-consolidacion-y-expansion\\\/\",\"name\":\"Gelatiamo en Chile: Consolidaci\u00f3n y expansi\u00f3n - Gelatiamo\",\"isPartOf\":{\"@id\":\"https:\\\/\\\/www.gelatiamo.eu\\\/es\\\/#website\"},\"primaryImageOfPage\":{\"@id\":\"https:\\\/\\\/www.gelatiamo.eu\\\/es\\\/publicacion\\\/gelatiamo-en-chile-consolidacion-y-expansion\\\/#primaryimage\"},\"image\":{\"@id\":\"https:\\\/\\\/www.gelatiamo.eu\\\/es\\\/publicacion\\\/gelatiamo-en-chile-consolidacion-y-expansion\\\/#primaryimage\"},\"thumbnailUrl\":\"https:\\\/\\\/www.gelatiamo.eu\\\/wp-content\\\/uploads\\\/gelatiamo-mostrador.webp\",\"datePublished\":\"2025-10-24T08:12:06+00:00\",\"dateModified\":\"2025-10-24T08:32:48+00:00\",\"description\":\"Gelatiamo crece en Chile con nuevas tiendas y el aut\u00e9ntico sabor del gelato italiano. Calidad, tradici\u00f3n y expansi\u00f3n en todo el pa\u00eds.\",\"breadcrumb\":{\"@id\":\"https:\\\/\\\/www.gelatiamo.eu\\\/es\\\/publicacion\\\/gelatiamo-en-chile-consolidacion-y-expansion\\\/#breadcrumb\"},\"inLanguage\":\"es\",\"potentialAction\":[{\"@type\":\"ReadAction\",\"target\":[\"https:\\\/\\\/www.gelatiamo.eu\\\/es\\\/publicacion\\\/gelatiamo-en-chile-consolidacion-y-expansion\\\/\"]}]},{\"@type\":\"ImageObject\",\"inLanguage\":\"es\",\"@id\":\"https:\\\/\\\/www.gelatiamo.eu\\\/es\\\/publicacion\\\/gelatiamo-en-chile-consolidacion-y-expansion\\\/#primaryimage\",\"url\":\"https:\\\/\\\/www.gelatiamo.eu\\\/wp-content\\\/uploads\\\/gelatiamo-mostrador.webp\",\"contentUrl\":\"https:\\\/\\\/www.gelatiamo.eu\\\/wp-content\\\/uploads\\\/gelatiamo-mostrador.webp\",\"width\":800,\"height\":600,\"caption\":\"Gelatiamo en chile\"},{\"@type\":\"BreadcrumbList\",\"@id\":\"https:\\\/\\\/www.gelatiamo.eu\\\/es\\\/publicacion\\\/gelatiamo-en-chile-consolidacion-y-expansion\\\/#breadcrumb\",\"itemListElement\":[{\"@type\":\"ListItem\",\"position\":1,\"name\":\"Portada\",\"item\":\"https:\\\/\\\/www.gelatiamo.eu\\\/es\\\/\"},{\"@type\":\"ListItem\",\"position\":2,\"name\":\"Gelatiamo en Chile: Consolidaci\u00f3n y expansi\u00f3n\"}]},{\"@type\":\"WebSite\",\"@id\":\"https:\\\/\\\/www.gelatiamo.eu\\\/es\\\/#website\",\"url\":\"https:\\\/\\\/www.gelatiamo.eu\\\/es\\\/\",\"name\":\"Gelatiamo\",\"description\":\"Disfruta del Arte de Saborear la Vida.\",\"publisher\":{\"@id\":\"https:\\\/\\\/www.gelatiamo.eu\\\/es\\\/#organization\"},\"potentialAction\":[{\"@type\":\"SearchAction\",\"target\":{\"@type\":\"EntryPoint\",\"urlTemplate\":\"https:\\\/\\\/www.gelatiamo.eu\\\/es\\\/?s={search_term_string}\"},\"query-input\":{\"@type\":\"PropertyValueSpecification\",\"valueRequired\":true,\"valueName\":\"search_term_string\"}}],\"inLanguage\":\"es\"},{\"@type\":\"Organization\",\"@id\":\"https:\\\/\\\/www.gelatiamo.eu\\\/es\\\/#organization\",\"name\":\"Gelatiamo\",\"url\":\"https:\\\/\\\/www.gelatiamo.eu\\\/es\\\/\",\"logo\":{\"@type\":\"ImageObject\",\"inLanguage\":\"es\",\"@id\":\"https:\\\/\\\/www.gelatiamo.eu\\\/es\\\/#\\\/schema\\\/logo\\\/image\\\/\",\"url\":\"https:\\\/\\\/www.gelatiamo.eu\\\/wp-content\\\/uploads\\\/2024\\\/04\\\/FAVICONGELATIAMO.svg\",\"contentUrl\":\"https:\\\/\\\/www.gelatiamo.eu\\\/wp-content\\\/uploads\\\/2024\\\/04\\\/FAVICONGELATIAMO.svg\",\"width\":18,\"height\":32,\"caption\":\"Gelatiamo\"},\"image\":{\"@id\":\"https:\\\/\\\/www.gelatiamo.eu\\\/es\\\/#\\\/schema\\\/logo\\\/image\\\/\"},\"sameAs\":[\"https:\\\/\\\/www.facebook.com\\\/GelatsGelatiamo\",\"https:\\\/\\\/www.instagram.com\\\/gelatiamo_world\\\/\"]},{\"@type\":\"Person\",\"@id\":\"https:\\\/\\\/www.gelatiamo.eu\\\/es\\\/#\\\/schema\\\/person\\\/6b2efc695e6ea8b87f5ea94dcb5c0229\",\"name\":\"Gelatiamo\",\"image\":{\"@type\":\"ImageObject\",\"inLanguage\":\"es\",\"@id\":\"https:\\\/\\\/secure.gravatar.com\\\/avatar\\\/7a1bcf59244fdbb291a7dbdbe66d0829b47037004324a32cd7b1a3ac3c47732a?s=96&d=mm&r=g\",\"url\":\"https:\\\/\\\/secure.gravatar.com\\\/avatar\\\/7a1bcf59244fdbb291a7dbdbe66d0829b47037004324a32cd7b1a3ac3c47732a?s=96&d=mm&r=g\",\"contentUrl\":\"https:\\\/\\\/secure.gravatar.com\\\/avatar\\\/7a1bcf59244fdbb291a7dbdbe66d0829b47037004324a32cd7b1a3ac3c47732a?s=96&d=mm&r=g\",\"caption\":\"Gelatiamo\"},\"url\":\"https:\\\/\\\/www.gelatiamo.eu\\\/es\\\/publicacion\\\/author\\\/gelatiamo\\\/\"}]}<\/script>\n<!-- \/ Yoast SEO plugin. -->","yoast_head_json":{"title":"Gelatiamo en Chile: Consolidaci\u00f3n y expansi\u00f3n - Gelatiamo","description":"Gelatiamo crece en Chile con nuevas tiendas y el aut\u00e9ntico sabor del gelato italiano. Calidad, tradici\u00f3n y expansi\u00f3n en todo el pa\u00eds.","robots":{"index":"index","follow":"follow","max-snippet":"max-snippet:-1","max-image-preview":"max-image-preview:large","max-video-preview":"max-video-preview:-1"},"canonical":"https:\/\/www.gelatiamo.eu\/es\/publicacion\/gelatiamo-en-chile-consolidacion-y-expansion\/","og_locale":"es_ES","og_type":"article","og_title":"Gelatiamo en Chile: Consolidaci\u00f3n y expansi\u00f3n - Gelatiamo","og_description":"Gelatiamo crece en Chile con nuevas tiendas y el aut\u00e9ntico sabor del gelato italiano. Calidad, tradici\u00f3n y expansi\u00f3n en todo el pa\u00eds.","og_url":"https:\/\/www.gelatiamo.eu\/es\/publicacion\/gelatiamo-en-chile-consolidacion-y-expansion\/","og_site_name":"Gelatiamo","article_publisher":"https:\/\/www.facebook.com\/GelatsGelatiamo","article_published_time":"2025-10-24T08:12:06+00:00","article_modified_time":"2025-10-24T08:32:48+00:00","og_image":[{"width":800,"height":533,"url":"https:\/\/www.gelatiamo.eu\/wp-content\/uploads\/gelatiamo-local-calle.webp","type":"image\/webp"}],"author":"Gelatiamo","twitter_card":"summary_large_image","twitter_title":"Gelatiamo en Chile: Consolidaci\u00f3n y expansi\u00f3n - Gelatiamo","twitter_description":"Gelatiamo crece en Chile con nuevas tiendas y el aut\u00e9ntico sabor del gelato italiano. Calidad, tradici\u00f3n y expansi\u00f3n en todo el pa\u00eds.","twitter_image":"https:\/\/www.gelatiamo.eu\/wp-content\/uploads\/gelatiamo-local-calle.webp","twitter_misc":{"Escrito por":"Gelatiamo","Tiempo de lectura":"6 minutos"},"schema":{"@context":"https:\/\/schema.org","@graph":[{"@type":"Article","@id":"https:\/\/www.gelatiamo.eu\/es\/publicacion\/gelatiamo-en-chile-consolidacion-y-expansion\/#article","isPartOf":{"@id":"https:\/\/www.gelatiamo.eu\/es\/publicacion\/gelatiamo-en-chile-consolidacion-y-expansion\/"},"author":{"name":"Gelatiamo","@id":"https:\/\/www.gelatiamo.eu\/es\/#\/schema\/person\/6b2efc695e6ea8b87f5ea94dcb5c0229"},"headline":"Gelatiamo en Chile: Consolidaci\u00f3n y expansi\u00f3n","datePublished":"2025-10-24T08:12:06+00:00","dateModified":"2025-10-24T08:32:48+00:00","mainEntityOfPage":{"@id":"https:\/\/www.gelatiamo.eu\/es\/publicacion\/gelatiamo-en-chile-consolidacion-y-expansion\/"},"wordCount":1092,"publisher":{"@id":"https:\/\/www.gelatiamo.eu\/es\/#organization"},"image":{"@id":"https:\/\/www.gelatiamo.eu\/es\/publicacion\/gelatiamo-en-chile-consolidacion-y-expansion\/#primaryimage"},"thumbnailUrl":"https:\/\/www.gelatiamo.eu\/wp-content\/uploads\/gelatiamo-mostrador.webp","articleSection":["Sin categorizar"],"inLanguage":"es"},{"@type":"WebPage","@id":"https:\/\/www.gelatiamo.eu\/es\/publicacion\/gelatiamo-en-chile-consolidacion-y-expansion\/","url":"https:\/\/www.gelatiamo.eu\/es\/publicacion\/gelatiamo-en-chile-consolidacion-y-expansion\/","name":"Gelatiamo en Chile: Consolidaci\u00f3n y expansi\u00f3n - Gelatiamo","isPartOf":{"@id":"https:\/\/www.gelatiamo.eu\/es\/#website"},"primaryImageOfPage":{"@id":"https:\/\/www.gelatiamo.eu\/es\/publicacion\/gelatiamo-en-chile-consolidacion-y-expansion\/#primaryimage"},"image":{"@id":"https:\/\/www.gelatiamo.eu\/es\/publicacion\/gelatiamo-en-chile-consolidacion-y-expansion\/#primaryimage"},"thumbnailUrl":"https:\/\/www.gelatiamo.eu\/wp-content\/uploads\/gelatiamo-mostrador.webp","datePublished":"2025-10-24T08:12:06+00:00","dateModified":"2025-10-24T08:32:48+00:00","description":"Gelatiamo crece en Chile con nuevas tiendas y el aut\u00e9ntico sabor del gelato italiano. Calidad, tradici\u00f3n y expansi\u00f3n en todo el pa\u00eds.","breadcrumb":{"@id":"https:\/\/www.gelatiamo.eu\/es\/publicacion\/gelatiamo-en-chile-consolidacion-y-expansion\/#breadcrumb"},"inLanguage":"es","potentialAction":[{"@type":"ReadAction","target":["https:\/\/www.gelatiamo.eu\/es\/publicacion\/gelatiamo-en-chile-consolidacion-y-expansion\/"]}]},{"@type":"ImageObject","inLanguage":"es","@id":"https:\/\/www.gelatiamo.eu\/es\/publicacion\/gelatiamo-en-chile-consolidacion-y-expansion\/#primaryimage","url":"https:\/\/www.gelatiamo.eu\/wp-content\/uploads\/gelatiamo-mostrador.webp","contentUrl":"https:\/\/www.gelatiamo.eu\/wp-content\/uploads\/gelatiamo-mostrador.webp","width":800,"height":600,"caption":"Gelatiamo en chile"},{"@type":"BreadcrumbList","@id":"https:\/\/www.gelatiamo.eu\/es\/publicacion\/gelatiamo-en-chile-consolidacion-y-expansion\/#breadcrumb","itemListElement":[{"@type":"ListItem","position":1,"name":"Portada","item":"https:\/\/www.gelatiamo.eu\/es\/"},{"@type":"ListItem","position":2,"name":"Gelatiamo en Chile: Consolidaci\u00f3n y expansi\u00f3n"}]},{"@type":"WebSite","@id":"https:\/\/www.gelatiamo.eu\/es\/#website","url":"https:\/\/www.gelatiamo.eu\/es\/","name":"Gelatiamo","description":"Disfruta del Arte de Saborear la Vida.","publisher":{"@id":"https:\/\/www.gelatiamo.eu\/es\/#organization"},"potentialAction":[{"@type":"SearchAction","target":{"@type":"EntryPoint","urlTemplate":"https:\/\/www.gelatiamo.eu\/es\/?s={search_term_string}"},"query-input":{"@type":"PropertyValueSpecification","valueRequired":true,"valueName":"search_term_string"}}],"inLanguage":"es"},{"@type":"Organization","@id":"https:\/\/www.gelatiamo.eu\/es\/#organization","name":"Gelatiamo","url":"https:\/\/www.gelatiamo.eu\/es\/","logo":{"@type":"ImageObject","inLanguage":"es","@id":"https:\/\/www.gelatiamo.eu\/es\/#\/schema\/logo\/image\/","url":"https:\/\/www.gelatiamo.eu\/wp-content\/uploads\/2024\/04\/FAVICONGELATIAMO.svg","contentUrl":"https:\/\/www.gelatiamo.eu\/wp-content\/uploads\/2024\/04\/FAVICONGELATIAMO.svg","width":18,"height":32,"caption":"Gelatiamo"},"image":{"@id":"https:\/\/www.gelatiamo.eu\/es\/#\/schema\/logo\/image\/"},"sameAs":["https:\/\/www.facebook.com\/GelatsGelatiamo","https:\/\/www.instagram.com\/gelatiamo_world\/"]},{"@type":"Person","@id":"https:\/\/www.gelatiamo.eu\/es\/#\/schema\/person\/6b2efc695e6ea8b87f5ea94dcb5c0229","name":"Gelatiamo","image":{"@type":"ImageObject","inLanguage":"es","@id":"https:\/\/secure.gravatar.com\/avatar\/7a1bcf59244fdbb291a7dbdbe66d0829b47037004324a32cd7b1a3ac3c47732a?s=96&d=mm&r=g","url":"https:\/\/secure.gravatar.com\/avatar\/7a1bcf59244fdbb291a7dbdbe66d0829b47037004324a32cd7b1a3ac3c47732a?s=96&d=mm&r=g","contentUrl":"https:\/\/secure.gravatar.com\/avatar\/7a1bcf59244fdbb291a7dbdbe66d0829b47037004324a32cd7b1a3ac3c47732a?s=96&d=mm&r=g","caption":"Gelatiamo"},"url":"https:\/\/www.gelatiamo.eu\/es\/publicacion\/author\/gelatiamo\/"}]}},"_links":{"self":[{"href":"https:\/\/www.gelatiamo.eu\/es\/wp-json\/wp\/v2\/posts\/2106","targetHints":{"allow":["GET"]}}],"collection":[{"href":"https:\/\/www.gelatiamo.eu\/es\/wp-json\/wp\/v2\/posts"}],"about":[{"href":"https:\/\/www.gelatiamo.eu\/es\/wp-json\/wp\/v2\/types\/post"}],"author":[{"embeddable":true,"href":"https:\/\/www.gelatiamo.eu\/es\/wp-json\/wp\/v2\/users\/2"}],"replies":[{"embeddable":true,"href":"https:\/\/www.gelatiamo.eu\/es\/wp-json\/wp\/v2\/comments?post=2106"}],"version-history":[{"count":3,"href":"https:\/\/www.gelatiamo.eu\/es\/wp-json\/wp\/v2\/posts\/2106\/revisions"}],"predecessor-version":[{"id":2141,"href":"https:\/\/www.gelatiamo.eu\/es\/wp-json\/wp\/v2\/posts\/2106\/revisions\/2141"}],"wp:featuredmedia":[{"embeddable":true,"href":"https:\/\/www.gelatiamo.eu\/es\/wp-json\/wp\/v2\/media\/2113"}],"wp:attachment":[{"href":"https:\/\/www.gelatiamo.eu\/es\/wp-json\/wp\/v2\/media?parent=2106"}],"wp:term":[{"taxonomy":"category","embeddable":true,"href":"https:\/\/www.gelatiamo.eu\/es\/wp-json\/wp\/v2\/categories?post=2106"},{"taxonomy":"post_tag","embeddable":true,"href":"https:\/\/www.gelatiamo.eu\/es\/wp-json\/wp\/v2\/tags?post=2106"}],"curies":[{"name":"wp","href":"https:\/\/api.w.org\/{rel}","templated":true}]}}