{"id":2262,"date":"2026-01-19T09:25:47","date_gmt":"2026-01-19T08:25:47","guid":{"rendered":"https:\/\/www.gelatiamo.eu\/?p=2262"},"modified":"2026-01-19T09:25:52","modified_gmt":"2026-01-19T08:25:52","slug":"cierre-del-ano-gelatiamo","status":"publish","type":"post","link":"https:\/\/www.gelatiamo.eu\/en\/publicacion\/cierre-del-ano-gelatiamo\/","title":{"rendered":"Cierre del a\u00f1o Gelatiamo: aperturas, crecimiento internacional y oportunidades para nuevos franquiciados en 2026"},"content":{"rendered":"\n<p>Con el inicio de 2026, en Gelatiamo consideramos que es el momento de mirar atr\u00e1s y hacer balance de todo lo vivido durante 2025. El a\u00f1o pasado fue intenso y decisivo y estuvo marcado por las nuevas aperturas, la expansi\u00f3n internacional y la consolidaci\u00f3n de un modelo de negocio que ha demostrado su solidez en distintos mercados.<\/p>\n\n\n\n<p>En 2025 en Gelatiamo no solo hemos crecido en n\u00famero de tiendas, sino que tambi\u00e9n hemos reforzado la presencia de nuestra marca, afianzado relaciones con franquiciados y construido una propuesta que combina producto, experiencia y rentabilidad. Sin duda ha sido un a\u00f1o que ha sentado las bases de todo lo que est\u00e1 por venir.<\/p>\n\n\n\n<h2 class=\"wp-block-heading\">2025: un a\u00f1o clave para la evoluci\u00f3n de Gelatiamo<\/h2>\n\n\n\n<p>Durante 2025, en Gelatiamo nos marcamos un objetivo claro: crecer de manera sostenible, cuidando cada apertura y manteniendo la esencia que define nuestra marca. Este enfoque nos ha permitido consolidarnos en los pa\u00edses donde ya est\u00e1bamos presentes y, al mismo tiempo, abrir la puerta a nuevos mercados.<\/p>\n\n\n\n<p>Este a\u00f1o nos ha confirmado que el modelo Gelatiamo se adapta con \u00e9xito a diferentes entornos, ubicaciones y perfiles de clientes, mostrando su versatilidad y solidez. La combinaci\u00f3n del aut\u00e9ntico gelato italiano con la oferta de cafeter\u00eda y productos complementarios ha vuelto a demostrar su capacidad para funcionar durante todo el a\u00f1o, m\u00e1s all\u00e1 de la estacionalidad.<\/p>\n\n\n\n<figure class=\"wp-block-image size-large\"><img fetchpriority=\"high\" decoding=\"async\" width=\"1024\" height=\"576\" src=\"https:\/\/www.gelatiamo.eu\/wp-content\/uploads\/gelatiamo-terraza-con-clientes-1024x576.webp\" alt=\"terraza-con-clientes\" class=\"wp-image-2209\" srcset=\"https:\/\/www.gelatiamo.eu\/wp-content\/uploads\/gelatiamo-terraza-con-clientes-1024x576.webp 1024w, https:\/\/www.gelatiamo.eu\/wp-content\/uploads\/gelatiamo-terraza-con-clientes-300x169.webp 300w, https:\/\/www.gelatiamo.eu\/wp-content\/uploads\/gelatiamo-terraza-con-clientes-768x432.webp 768w, https:\/\/www.gelatiamo.eu\/wp-content\/uploads\/gelatiamo-terraza-con-clientes-1536x864.webp 1536w, https:\/\/www.gelatiamo.eu\/wp-content\/uploads\/gelatiamo-terraza-con-clientes.webp 1600w\" sizes=\"(max-width: 1024px) 100vw, 1024px\" \/><\/figure>\n\n\n\n<h2 class=\"wp-block-heading\">Expansi\u00f3n internacional y nuevas aperturas<\/h2>\n\n\n\n<p>El crecimiento internacional ha sido, sin lugar a dudas, uno de los grandes hitos de Gelatiamo en 2025. Cada nueva apertura ha supuesto un paso m\u00e1s en la construcci\u00f3n de una red s\u00f3lida y reconocible, manteniendo siempre los est\u00e1ndares de calidad y experiencia caracter\u00edsticos de&nbsp; nuestra marca.<\/p>\n\n\n\n<p>El mercado chileno ha sido uno de los principales responsables de la expansi\u00f3n internacional de Gelatiamo. La apertura de nuevos locales en el pa\u00eds en ciudades estrat\u00e9gicas como Santiago, Concepci\u00f3n y Antofagasta ha impulsado el crecimiento de la marca y le ha aportado una mayor visibilidad. Estas tiendas han sido un ejemplo del buen funcionamiento del modelo cuando se combina una ubicaci\u00f3n adecuada con un equipo comprometido.<\/p>\n\n\n\n<p>Con la apertura de la primera tienda en El Salvador, ubicada en Epic Plaza, en La Libertad, la marca tambi\u00e9n dio un importante salto en su expansi\u00f3n internacional. La llegada a un nuevo pa\u00eds marc\u00f3 un hito para Gelatiamo y confirm\u00f3 el potencial del concepto en mercados donde el p\u00fablico valora cada vez m\u00e1s las propuestas diferenciales y de calidad. Por este motivo, al mes siguiente se realiz\u00f3 una segunda apertura de un kiosco en el Mall Multiplaza.<\/p>\n\n\n\n<p>M\u00e1s all\u00e1 de las aperturas concretas, 2025 ha sido un a\u00f1o de fuerte impulso en Latinoam\u00e9rica y Centroam\u00e9rica. Gelatiamo ha seguido afianzando su presencia en pa\u00edses como Costa Rica o Panam\u00e1, donde la marca contin\u00faa conquistando a nuevos clientes, y ha avanzado en planes de expansi\u00f3n en la regi\u00f3n.<\/p>\n\n\n\n<p>Uno de los anuncios m\u00e1s destacados del a\u00f1o fue la futura llegada de Gelatiamo a Per\u00fa con 3 pr\u00f3ximas aperturas: San Borja, Jes\u00fas Mar\u00eda y Miraflores. La marca estableci\u00f3 las bases para dar sus primeros pasos en un mercado con gran potencial que le permitir\u00e1 continuar su expansi\u00f3n por los pa\u00edses latinoamericanos.<\/p>\n\n\n\n<p>Este desarrollo internacional ha permitido a Gelatiamo cerrar 2025 con una presencia cada vez m\u00e1s s\u00f3lida fuera de Espa\u00f1a, reforzando su posicionamiento como una marca capaz de crecer y adaptarse en distintos pa\u00edses.<\/p>\n\n\n\n<h2 class=\"wp-block-heading\">Modelo de franquicia y experiencia Gelatiamo<\/h2>\n\n\n\n<p>Durante 2025, el modelo de franquicia Gelatiamo ha seguido evolucionando y fortaleci\u00e9ndose. La experiencia de los franquiciados que se han incorporado este a\u00f1o ha servido para confirmar la importancia del acompa\u00f1amiento desde la central, la formaci\u00f3n inicial y el soporte continuo en la gesti\u00f3n del negocio.<\/p>\n\n\n\n<p>La versatilidad del concepto, que combina helader\u00eda y cafeter\u00eda, ha sido uno de los aspectos m\u00e1s valorados. Esta fusi\u00f3n permite diversificar ingresos, atraer a distintos perfiles de clientes y mantener la actividad durante todo el a\u00f1o, adapt\u00e1ndose a los h\u00e1bitos de consumo de cada mercado.<\/p>\n\n\n\n<p>M\u00e1s all\u00e1 de las cifras y las aperturas, 2025 ha sido un a\u00f1o en el que en Gelatiamo hemos seguido cuidando lo que m\u00e1s nos importa: la experiencia de quienes nos visitan. Cada tienda est\u00e1 pensada y desarrollada como un espacio cercano, donde puedes disfrutar de un buen gelato, un caf\u00e9 de calidad o simplemente hacer una pausa y desconectar a cualquier hora.<\/p>\n\n\n\n<p>La atenci\u00f3n a los peque\u00f1os detalles, la calidad de nuestros productos y la cercan\u00eda con nuestros clientes han sido constantes d\u00eda tras d\u00eda. Son precisamente estos factores los que explican el crecimiento continuo de la marca y la raz\u00f3n por la que los clientes vuelven a visitarnos una y otra vez.&nbsp;<\/p>\n\n\n\n<figure class=\"wp-block-image size-large\"><img decoding=\"async\" width=\"1024\" height=\"768\" src=\"https:\/\/www.gelatiamo.eu\/wp-content\/uploads\/Gelatiamo-mostrador-dominicos-1024x768.jpg\" alt=\"\" class=\"wp-image-2263\" srcset=\"https:\/\/www.gelatiamo.eu\/wp-content\/uploads\/Gelatiamo-mostrador-dominicos-1024x768.jpg 1024w, https:\/\/www.gelatiamo.eu\/wp-content\/uploads\/Gelatiamo-mostrador-dominicos-300x225.jpg 300w, https:\/\/www.gelatiamo.eu\/wp-content\/uploads\/Gelatiamo-mostrador-dominicos-768x576.jpg 768w, https:\/\/www.gelatiamo.eu\/wp-content\/uploads\/Gelatiamo-mostrador-dominicos-1536x1152.jpg 1536w, https:\/\/www.gelatiamo.eu\/wp-content\/uploads\/Gelatiamo-mostrador-dominicos.jpg 1600w\" sizes=\"(max-width: 1024px) 100vw, 1024px\" \/><\/figure>\n\n\n\n<h2 class=\"wp-block-heading\">2026: nuevas oportunidades para seguir creciendo juntos<\/h2>\n\n\n\n<p>Con el balance de 2025 ya cerrado, 2026 se presenta como un a\u00f1o lleno de oportunidades. El crecimiento de Gelatiamo no se produce \u00fanicamente por el inter\u00e9s interno de la marca, sino que nuevos emprendedores e inversores buscan asociarse con nosotros debido a la solidez de nuestro modelo y a la proyecci\u00f3n internacional de la empresa.<\/p>\n\n\n\n<p>Gracias a la experiencia acumulada, a nuestra red de tiendas y al reconocimiento que hemos alcanzado, este es un momento especialmente interesante para quienes est\u00e1n valorando formar parte de Gelatiamo. El nuevo a\u00f1o llega cargado de posibilidades: hay mercados por descubrir, lugares por explorar y un equipo listo para seguir creciendo junto a quienes se animen a unirse a esta aventura.<\/p>\n\n\n\n<figure class=\"wp-block-image size-large\"><img decoding=\"async\" width=\"1024\" height=\"576\" src=\"https:\/\/www.gelatiamo.eu\/wp-content\/uploads\/kiosko-multiplaza-1024x576.jpeg\" alt=\"\" class=\"wp-image-2221\" srcset=\"https:\/\/www.gelatiamo.eu\/wp-content\/uploads\/kiosko-multiplaza-1024x576.jpeg 1024w, https:\/\/www.gelatiamo.eu\/wp-content\/uploads\/kiosko-multiplaza-300x169.jpeg 300w, https:\/\/www.gelatiamo.eu\/wp-content\/uploads\/kiosko-multiplaza-768x432.jpeg 768w, https:\/\/www.gelatiamo.eu\/wp-content\/uploads\/kiosko-multiplaza-1536x864.jpeg 1536w, https:\/\/www.gelatiamo.eu\/wp-content\/uploads\/kiosko-multiplaza.jpeg 1600w\" sizes=\"(max-width: 1024px) 100vw, 1024px\" \/><\/figure>\n\n\n\n<h2 class=\"wp-block-heading\">\u00danete al crecimiento de Gelatiamo en 2026<\/h2>\n\n\n\n<p>El comienzo de 2026 marca el inicio de una nueva etapa. Si est\u00e1s pensando en emprender, invertir en un negocio consolidado o formar parte de una marca en plena expansi\u00f3n internacional, en Gelatiamo te ofrecemos la oportunidad para hacerlo con el respaldo de una estructura s\u00f3lida y una propuesta diferenciadora.&nbsp;<\/p>\n\n\n\n<p>Si est\u00e1s comprometido, ilusionado y tienes ganas de crecer junto a una marca consolidada, te invitamos a conocer nuestro modelo de negocio y a dar el primer paso para poner en marcha tu propio emprendimiento. Rellena nuestro <a href=\"https:\/\/www.gelatiamo.eu\/es\/franquicia-gelatiamo\/\">formulario<\/a> y abre tu franquicia Gelatiamo.<\/p>\n\n\n\n<p>Empieza tu a\u00f1o con nosotros. \u00a1El pr\u00f3ximo Gelatiamo puede ser el tuyo!<\/p>\n\n\n\n<p><\/p>\n","protected":false},"excerpt":{"rendered":"<p>Con el inicio de 2026, en Gelatiamo consideramos que es el momento de mirar atr\u00e1s y hacer balance de todo lo vivido durante 2025. El a\u00f1o pasado fue intenso y decisivo y estuvo marcado por las nuevas aperturas, la expansi\u00f3n internacional y la consolidaci\u00f3n de un modelo de negocio que ha demostrado su solidez en [&hellip;]<\/p>\n","protected":false},"author":2,"featured_media":2192,"comment_status":"closed","ping_status":"closed","sticky":false,"template":"","format":"standard","meta":{"footnotes":""},"categories":[1],"tags":[],"class_list":["post-2262","post","type-post","status-publish","format-standard","has-post-thumbnail","hentry","category-sin-categorizar"],"yoast_head":"<!-- This site is optimized with the Yoast SEO plugin v26.8 - https:\/\/yoast.com\/product\/yoast-seo-wordpress\/ -->\n<title>Cierre a\u00f1o de Gelatiamo: expansi\u00f3n y franquicias 2026 - Gelatiamo<\/title>\n<meta name=\"description\" content=\"Gelatiamo cierra 2025 con nuevas aperturas y expansi\u00f3n internacional. Descubre las oportunidades de franquicia y crecimiento para 2026.\" \/>\n<meta name=\"robots\" content=\"index, follow, max-snippet:-1, max-image-preview:large, max-video-preview:-1\" \/>\n<link rel=\"canonical\" href=\"https:\/\/www.gelatiamo.eu\/es\/publicacion\/cierre-del-ano-gelatiamo\/\" \/>\n<meta property=\"og:locale\" content=\"en_US\" \/>\n<meta property=\"og:type\" content=\"article\" \/>\n<meta property=\"og:title\" content=\"Cierre a\u00f1o de Gelatiamo: expansi\u00f3n y franquicias 2026 - Gelatiamo\" \/>\n<meta property=\"og:description\" content=\"Gelatiamo cierra 2025 con nuevas aperturas y expansi\u00f3n internacional. Descubre las oportunidades de franquicia y crecimiento para 2026.\" \/>\n<meta property=\"og:url\" content=\"https:\/\/www.gelatiamo.eu\/es\/publicacion\/cierre-del-ano-gelatiamo\/\" \/>\n<meta property=\"og:site_name\" content=\"Gelatiamo\" \/>\n<meta property=\"article:publisher\" content=\"https:\/\/www.facebook.com\/GelatsGelatiamo\" \/>\n<meta property=\"article:published_time\" content=\"2026-01-19T08:25:47+00:00\" \/>\n<meta property=\"article:modified_time\" content=\"2026-01-19T08:25:52+00:00\" \/>\n<meta property=\"og:image\" content=\"https:\/\/www.gelatiamo.eu\/wp-content\/uploads\/Gelatiamo-EPIC-el-Salvador.jpg\" \/>\n\t<meta property=\"og:image:width\" content=\"1280\" \/>\n\t<meta property=\"og:image:height\" content=\"960\" \/>\n\t<meta property=\"og:image:type\" content=\"image\/jpeg\" \/>\n<meta name=\"author\" content=\"Gelatiamo\" \/>\n<meta name=\"twitter:card\" content=\"summary_large_image\" \/>\n<meta name=\"twitter:label1\" content=\"Written by\" \/>\n\t<meta name=\"twitter:data1\" content=\"Gelatiamo\" \/>\n\t<meta name=\"twitter:label2\" content=\"Est. reading time\" \/>\n\t<meta name=\"twitter:data2\" content=\"6 minutes\" \/>\n<script type=\"application\/ld+json\" class=\"yoast-schema-graph\">{\"@context\":\"https:\/\/schema.org\",\"@graph\":[{\"@type\":\"Article\",\"@id\":\"https:\/\/www.gelatiamo.eu\/es\/publicacion\/cierre-del-ano-gelatiamo\/#article\",\"isPartOf\":{\"@id\":\"https:\/\/www.gelatiamo.eu\/es\/publicacion\/cierre-del-ano-gelatiamo\/\"},\"author\":{\"name\":\"Gelatiamo\",\"@id\":\"https:\/\/www.gelatiamo.eu\/es\/#\/schema\/person\/6b2efc695e6ea8b87f5ea94dcb5c0229\"},\"headline\":\"Cierre del a\u00f1o Gelatiamo: aperturas, crecimiento internacional y oportunidades para nuevos franquiciados en 2026\",\"datePublished\":\"2026-01-19T08:25:47+00:00\",\"dateModified\":\"2026-01-19T08:25:52+00:00\",\"mainEntityOfPage\":{\"@id\":\"https:\/\/www.gelatiamo.eu\/es\/publicacion\/cierre-del-ano-gelatiamo\/\"},\"wordCount\":1087,\"publisher\":{\"@id\":\"https:\/\/www.gelatiamo.eu\/es\/#organization\"},\"image\":{\"@id\":\"https:\/\/www.gelatiamo.eu\/es\/publicacion\/cierre-del-ano-gelatiamo\/#primaryimage\"},\"thumbnailUrl\":\"https:\/\/www.gelatiamo.eu\/wp-content\/uploads\/Gelatiamo-EPIC-el-Salvador.jpg\",\"articleSection\":[\"Sin categorizar\"],\"inLanguage\":\"en-US\"},{\"@type\":\"WebPage\",\"@id\":\"https:\/\/www.gelatiamo.eu\/es\/publicacion\/cierre-del-ano-gelatiamo\/\",\"url\":\"https:\/\/www.gelatiamo.eu\/es\/publicacion\/cierre-del-ano-gelatiamo\/\",\"name\":\"Cierre a\u00f1o de Gelatiamo: expansi\u00f3n y franquicias 2026 - Gelatiamo\",\"isPartOf\":{\"@id\":\"https:\/\/www.gelatiamo.eu\/es\/#website\"},\"primaryImageOfPage\":{\"@id\":\"https:\/\/www.gelatiamo.eu\/es\/publicacion\/cierre-del-ano-gelatiamo\/#primaryimage\"},\"image\":{\"@id\":\"https:\/\/www.gelatiamo.eu\/es\/publicacion\/cierre-del-ano-gelatiamo\/#primaryimage\"},\"thumbnailUrl\":\"https:\/\/www.gelatiamo.eu\/wp-content\/uploads\/Gelatiamo-EPIC-el-Salvador.jpg\",\"datePublished\":\"2026-01-19T08:25:47+00:00\",\"dateModified\":\"2026-01-19T08:25:52+00:00\",\"description\":\"Gelatiamo cierra 2025 con nuevas aperturas y expansi\u00f3n internacional. Descubre las oportunidades de franquicia y crecimiento para 2026.\",\"breadcrumb\":{\"@id\":\"https:\/\/www.gelatiamo.eu\/es\/publicacion\/cierre-del-ano-gelatiamo\/#breadcrumb\"},\"inLanguage\":\"en-US\",\"potentialAction\":[{\"@type\":\"ReadAction\",\"target\":[\"https:\/\/www.gelatiamo.eu\/es\/publicacion\/cierre-del-ano-gelatiamo\/\"]}]},{\"@type\":\"ImageObject\",\"inLanguage\":\"en-US\",\"@id\":\"https:\/\/www.gelatiamo.eu\/es\/publicacion\/cierre-del-ano-gelatiamo\/#primaryimage\",\"url\":\"https:\/\/www.gelatiamo.eu\/wp-content\/uploads\/Gelatiamo-EPIC-el-Salvador.jpg\",\"contentUrl\":\"https:\/\/www.gelatiamo.eu\/wp-content\/uploads\/Gelatiamo-EPIC-el-Salvador.jpg\",\"width\":1280,\"height\":960},{\"@type\":\"BreadcrumbList\",\"@id\":\"https:\/\/www.gelatiamo.eu\/es\/publicacion\/cierre-del-ano-gelatiamo\/#breadcrumb\",\"itemListElement\":[{\"@type\":\"ListItem\",\"position\":1,\"name\":\"Portada\",\"item\":\"https:\/\/www.gelatiamo.eu\/es\/\"},{\"@type\":\"ListItem\",\"position\":2,\"name\":\"Cierre del a\u00f1o Gelatiamo: aperturas, crecimiento internacional y oportunidades para nuevos franquiciados en 2026\"}]},{\"@type\":\"WebSite\",\"@id\":\"https:\/\/www.gelatiamo.eu\/es\/#website\",\"url\":\"https:\/\/www.gelatiamo.eu\/es\/\",\"name\":\"Gelatiamo\",\"description\":\"Disfruta del Arte de Saborear la Vida.\",\"publisher\":{\"@id\":\"https:\/\/www.gelatiamo.eu\/es\/#organization\"},\"potentialAction\":[{\"@type\":\"SearchAction\",\"target\":{\"@type\":\"EntryPoint\",\"urlTemplate\":\"https:\/\/www.gelatiamo.eu\/es\/?s={search_term_string}\"},\"query-input\":{\"@type\":\"PropertyValueSpecification\",\"valueRequired\":true,\"valueName\":\"search_term_string\"}}],\"inLanguage\":\"en-US\"},{\"@type\":\"Organization\",\"@id\":\"https:\/\/www.gelatiamo.eu\/es\/#organization\",\"name\":\"Gelatiamo\",\"url\":\"https:\/\/www.gelatiamo.eu\/es\/\",\"logo\":{\"@type\":\"ImageObject\",\"inLanguage\":\"en-US\",\"@id\":\"https:\/\/www.gelatiamo.eu\/es\/#\/schema\/logo\/image\/\",\"url\":\"https:\/\/www.gelatiamo.eu\/wp-content\/uploads\/2024\/04\/FAVICONGELATIAMO.svg\",\"contentUrl\":\"https:\/\/www.gelatiamo.eu\/wp-content\/uploads\/2024\/04\/FAVICONGELATIAMO.svg\",\"width\":18,\"height\":32,\"caption\":\"Gelatiamo\"},\"image\":{\"@id\":\"https:\/\/www.gelatiamo.eu\/es\/#\/schema\/logo\/image\/\"},\"sameAs\":[\"https:\/\/www.facebook.com\/GelatsGelatiamo\",\"https:\/\/www.instagram.com\/gelatiamo_world\/\"]},{\"@type\":\"Person\",\"@id\":\"https:\/\/www.gelatiamo.eu\/es\/#\/schema\/person\/6b2efc695e6ea8b87f5ea94dcb5c0229\",\"name\":\"Gelatiamo\",\"image\":{\"@type\":\"ImageObject\",\"inLanguage\":\"en-US\",\"@id\":\"https:\/\/www.gelatiamo.eu\/es\/#\/schema\/person\/image\/\",\"url\":\"https:\/\/secure.gravatar.com\/avatar\/7a1bcf59244fdbb291a7dbdbe66d0829b47037004324a32cd7b1a3ac3c47732a?s=96&d=mm&r=g\",\"contentUrl\":\"https:\/\/secure.gravatar.com\/avatar\/7a1bcf59244fdbb291a7dbdbe66d0829b47037004324a32cd7b1a3ac3c47732a?s=96&d=mm&r=g\",\"caption\":\"Gelatiamo\"},\"url\":\"https:\/\/www.gelatiamo.eu\/en\/publicacion\/author\/gelatiamo\/\"}]}<\/script>\n<!-- \/ Yoast SEO plugin. -->","yoast_head_json":{"title":"Cierre a\u00f1o de Gelatiamo: expansi\u00f3n y franquicias 2026 - Gelatiamo","description":"Gelatiamo cierra 2025 con nuevas aperturas y expansi\u00f3n internacional. Descubre las oportunidades de franquicia y crecimiento para 2026.","robots":{"index":"index","follow":"follow","max-snippet":"max-snippet:-1","max-image-preview":"max-image-preview:large","max-video-preview":"max-video-preview:-1"},"canonical":"https:\/\/www.gelatiamo.eu\/es\/publicacion\/cierre-del-ano-gelatiamo\/","og_locale":"en_US","og_type":"article","og_title":"Cierre a\u00f1o de Gelatiamo: expansi\u00f3n y franquicias 2026 - Gelatiamo","og_description":"Gelatiamo cierra 2025 con nuevas aperturas y expansi\u00f3n internacional. Descubre las oportunidades de franquicia y crecimiento para 2026.","og_url":"https:\/\/www.gelatiamo.eu\/es\/publicacion\/cierre-del-ano-gelatiamo\/","og_site_name":"Gelatiamo","article_publisher":"https:\/\/www.facebook.com\/GelatsGelatiamo","article_published_time":"2026-01-19T08:25:47+00:00","article_modified_time":"2026-01-19T08:25:52+00:00","og_image":[{"width":1280,"height":960,"url":"https:\/\/www.gelatiamo.eu\/wp-content\/uploads\/Gelatiamo-EPIC-el-Salvador.jpg","type":"image\/jpeg"}],"author":"Gelatiamo","twitter_card":"summary_large_image","twitter_misc":{"Written by":"Gelatiamo","Est. reading time":"6 minutes"},"schema":{"@context":"https:\/\/schema.org","@graph":[{"@type":"Article","@id":"https:\/\/www.gelatiamo.eu\/es\/publicacion\/cierre-del-ano-gelatiamo\/#article","isPartOf":{"@id":"https:\/\/www.gelatiamo.eu\/es\/publicacion\/cierre-del-ano-gelatiamo\/"},"author":{"name":"Gelatiamo","@id":"https:\/\/www.gelatiamo.eu\/es\/#\/schema\/person\/6b2efc695e6ea8b87f5ea94dcb5c0229"},"headline":"Cierre del a\u00f1o Gelatiamo: aperturas, crecimiento internacional y oportunidades para nuevos franquiciados en 2026","datePublished":"2026-01-19T08:25:47+00:00","dateModified":"2026-01-19T08:25:52+00:00","mainEntityOfPage":{"@id":"https:\/\/www.gelatiamo.eu\/es\/publicacion\/cierre-del-ano-gelatiamo\/"},"wordCount":1087,"publisher":{"@id":"https:\/\/www.gelatiamo.eu\/es\/#organization"},"image":{"@id":"https:\/\/www.gelatiamo.eu\/es\/publicacion\/cierre-del-ano-gelatiamo\/#primaryimage"},"thumbnailUrl":"https:\/\/www.gelatiamo.eu\/wp-content\/uploads\/Gelatiamo-EPIC-el-Salvador.jpg","articleSection":["Sin categorizar"],"inLanguage":"en-US"},{"@type":"WebPage","@id":"https:\/\/www.gelatiamo.eu\/es\/publicacion\/cierre-del-ano-gelatiamo\/","url":"https:\/\/www.gelatiamo.eu\/es\/publicacion\/cierre-del-ano-gelatiamo\/","name":"Cierre a\u00f1o de Gelatiamo: expansi\u00f3n y franquicias 2026 - Gelatiamo","isPartOf":{"@id":"https:\/\/www.gelatiamo.eu\/es\/#website"},"primaryImageOfPage":{"@id":"https:\/\/www.gelatiamo.eu\/es\/publicacion\/cierre-del-ano-gelatiamo\/#primaryimage"},"image":{"@id":"https:\/\/www.gelatiamo.eu\/es\/publicacion\/cierre-del-ano-gelatiamo\/#primaryimage"},"thumbnailUrl":"https:\/\/www.gelatiamo.eu\/wp-content\/uploads\/Gelatiamo-EPIC-el-Salvador.jpg","datePublished":"2026-01-19T08:25:47+00:00","dateModified":"2026-01-19T08:25:52+00:00","description":"Gelatiamo cierra 2025 con nuevas aperturas y expansi\u00f3n internacional. Descubre las oportunidades de franquicia y crecimiento para 2026.","breadcrumb":{"@id":"https:\/\/www.gelatiamo.eu\/es\/publicacion\/cierre-del-ano-gelatiamo\/#breadcrumb"},"inLanguage":"en-US","potentialAction":[{"@type":"ReadAction","target":["https:\/\/www.gelatiamo.eu\/es\/publicacion\/cierre-del-ano-gelatiamo\/"]}]},{"@type":"ImageObject","inLanguage":"en-US","@id":"https:\/\/www.gelatiamo.eu\/es\/publicacion\/cierre-del-ano-gelatiamo\/#primaryimage","url":"https:\/\/www.gelatiamo.eu\/wp-content\/uploads\/Gelatiamo-EPIC-el-Salvador.jpg","contentUrl":"https:\/\/www.gelatiamo.eu\/wp-content\/uploads\/Gelatiamo-EPIC-el-Salvador.jpg","width":1280,"height":960},{"@type":"BreadcrumbList","@id":"https:\/\/www.gelatiamo.eu\/es\/publicacion\/cierre-del-ano-gelatiamo\/#breadcrumb","itemListElement":[{"@type":"ListItem","position":1,"name":"Portada","item":"https:\/\/www.gelatiamo.eu\/es\/"},{"@type":"ListItem","position":2,"name":"Cierre del a\u00f1o Gelatiamo: aperturas, crecimiento internacional y oportunidades para nuevos franquiciados en 2026"}]},{"@type":"WebSite","@id":"https:\/\/www.gelatiamo.eu\/es\/#website","url":"https:\/\/www.gelatiamo.eu\/es\/","name":"Gelatiamo","description":"Disfruta del Arte de Saborear la Vida.","publisher":{"@id":"https:\/\/www.gelatiamo.eu\/es\/#organization"},"potentialAction":[{"@type":"SearchAction","target":{"@type":"EntryPoint","urlTemplate":"https:\/\/www.gelatiamo.eu\/es\/?s={search_term_string}"},"query-input":{"@type":"PropertyValueSpecification","valueRequired":true,"valueName":"search_term_string"}}],"inLanguage":"en-US"},{"@type":"Organization","@id":"https:\/\/www.gelatiamo.eu\/es\/#organization","name":"Gelatiamo","url":"https:\/\/www.gelatiamo.eu\/es\/","logo":{"@type":"ImageObject","inLanguage":"en-US","@id":"https:\/\/www.gelatiamo.eu\/es\/#\/schema\/logo\/image\/","url":"https:\/\/www.gelatiamo.eu\/wp-content\/uploads\/2024\/04\/FAVICONGELATIAMO.svg","contentUrl":"https:\/\/www.gelatiamo.eu\/wp-content\/uploads\/2024\/04\/FAVICONGELATIAMO.svg","width":18,"height":32,"caption":"Gelatiamo"},"image":{"@id":"https:\/\/www.gelatiamo.eu\/es\/#\/schema\/logo\/image\/"},"sameAs":["https:\/\/www.facebook.com\/GelatsGelatiamo","https:\/\/www.instagram.com\/gelatiamo_world\/"]},{"@type":"Person","@id":"https:\/\/www.gelatiamo.eu\/es\/#\/schema\/person\/6b2efc695e6ea8b87f5ea94dcb5c0229","name":"Gelatiamo","image":{"@type":"ImageObject","inLanguage":"en-US","@id":"https:\/\/www.gelatiamo.eu\/es\/#\/schema\/person\/image\/","url":"https:\/\/secure.gravatar.com\/avatar\/7a1bcf59244fdbb291a7dbdbe66d0829b47037004324a32cd7b1a3ac3c47732a?s=96&d=mm&r=g","contentUrl":"https:\/\/secure.gravatar.com\/avatar\/7a1bcf59244fdbb291a7dbdbe66d0829b47037004324a32cd7b1a3ac3c47732a?s=96&d=mm&r=g","caption":"Gelatiamo"},"url":"https:\/\/www.gelatiamo.eu\/en\/publicacion\/author\/gelatiamo\/"}]}},"_links":{"self":[{"href":"https:\/\/www.gelatiamo.eu\/en\/wp-json\/wp\/v2\/posts\/2262","targetHints":{"allow":["GET"]}}],"collection":[{"href":"https:\/\/www.gelatiamo.eu\/en\/wp-json\/wp\/v2\/posts"}],"about":[{"href":"https:\/\/www.gelatiamo.eu\/en\/wp-json\/wp\/v2\/types\/post"}],"author":[{"embeddable":true,"href":"https:\/\/www.gelatiamo.eu\/en\/wp-json\/wp\/v2\/users\/2"}],"replies":[{"embeddable":true,"href":"https:\/\/www.gelatiamo.eu\/en\/wp-json\/wp\/v2\/comments?post=2262"}],"version-history":[{"count":1,"href":"https:\/\/www.gelatiamo.eu\/en\/wp-json\/wp\/v2\/posts\/2262\/revisions"}],"predecessor-version":[{"id":2266,"href":"https:\/\/www.gelatiamo.eu\/en\/wp-json\/wp\/v2\/posts\/2262\/revisions\/2266"}],"wp:featuredmedia":[{"embeddable":true,"href":"https:\/\/www.gelatiamo.eu\/en\/wp-json\/wp\/v2\/media\/2192"}],"wp:attachment":[{"href":"https:\/\/www.gelatiamo.eu\/en\/wp-json\/wp\/v2\/media?parent=2262"}],"wp:term":[{"taxonomy":"category","embeddable":true,"href":"https:\/\/www.gelatiamo.eu\/en\/wp-json\/wp\/v2\/categories?post=2262"},{"taxonomy":"post_tag","embeddable":true,"href":"https:\/\/www.gelatiamo.eu\/en\/wp-json\/wp\/v2\/tags?post=2262"}],"curies":[{"name":"wp","href":"https:\/\/api.w.org\/{rel}","templated":true}]}}