{"id":1947,"date":"2025-06-16T15:11:30","date_gmt":"2025-06-16T13:11:30","guid":{"rendered":"https:\/\/www.gelatiamo.eu\/?p=1947"},"modified":"2025-06-09T15:17:20","modified_gmt":"2025-06-09T13:17:20","slug":"nuevas-aperturas-en-el-salvador-y-nicaragua","status":"publish","type":"post","link":"https:\/\/www.gelatiamo.eu\/en\/publicacion\/nuevas-aperturas-en-el-salvador-y-nicaragua\/","title":{"rendered":"\u00a1Gelatiamo se expande! Nuevas aperturas en El Salvador y en Nicaragua"},"content":{"rendered":"\n<p>Nuestra pasi\u00f3n en <a href=\"https:\/\/www.gelatiamo.eu\/es\/\">Gelatiamo<\/a> por el sabor del aut\u00e9ntico gelato italiano contin\u00faa expandi\u00e9ndose por todo Centroam\u00e9rica. Hoy, te contamos cu\u00e1les son nuestros pr\u00f3ximos pasos en nuestro plan de expansi\u00f3n: por fin podemos anunciar la llegada inminente de dos nuevos puntos de venta de Gelatiamo, uno en El Salvador y otro en Nicaragua. <\/p>\n\n\n\n<p>Estas dos nuevas aperturas van a continuar con el recorrido que llevamos ya a la hora de llevar nuestra receta de los helados m\u00e1s cremosos a clientes a lo largo de todo el mundo. Con esto, consolidamos una nueva etapa que promete estar llena de momentos inolvidables, sabor y oportunidades tanto para los amantes del gelato de siempre como para nuestros emprendedores. <\/p>\n\n\n\n<p>\u00bfQuieres conocer todos los detalles de nuestro modelo de expansi\u00f3n y qu\u00e9 es lo que est\u00e1 haciendo de nuestra marca todo un \u00e9xito? Te contamos todos los detalles sobre nuestras pr\u00f3ximas aperturas en Centroam\u00e9rica:<\/p>\n\n\n\n<h2 class=\"wp-block-heading\">Nuestro modelo de franquicias en Gelatiamo: un \u00e9xito probado<\/h2>\n\n\n\n<p>Desde nuestros inicios en el a\u00f1o 2006, en Gelatiamo hemos ido creciendo y expandi\u00e9ndonos a lo largo de todo el mundo. Ahora mismo contamos ya con presencia en Espa\u00f1a, Chile, Panam\u00e1, Guatemala, M\u00e9xico, Bolivia y Costa Rica. Pr\u00f3ximamente tambi\u00e9n en Nicaragua y El Salvador.<\/p>\n\n\n\n<p>Esto no es m\u00e1s que el reflejo del \u00e9xito de nuestra marca y nuestro modelo de franquicia, que hacen que nuestro formato se adapte a la perfecci\u00f3n a los mercados locales de manera rentable. Al final, nuestra apuesta por un producto de calidad, la receta de los gelatos italianos tradicionales y la b\u00fasqueda constante por innovar y hacer disfrutar a nuestros clientes, nos han convertido en el lugar de referencia al que acuden los amantes de los postres m\u00e1s dulces.<\/p>\n\n\n\n<h3 class=\"wp-block-heading\">\u00bfC\u00f3mo es nuestro modelo de negocio de Gelatiamo en Centroam\u00e9rica?<\/h3>\n\n\n\n<p>Que Gelatiamo haya crecido tanto y cuente con presencia en diferentes pa\u00edses es la mejor prueba del \u00e9xito de nuestro modelo de negocio. La flexibilidad del modelo de franquicias, unido a la seguridad de comenzar un negocio con una marca reconocida como respaldo y nuestra apuesta por un producto de calidad son la clave del \u00e9xito de esta expansi\u00f3n por toda Am\u00e9rica Latina y Centroam\u00e9rica.<\/p>\n\n\n\n<p>La firma de un acuerdo comercial con nuestros dos nuevos colaboradores en El Salvador y en Nicaragua (ambos como m\u00e1ster franquiciados) refuerza nuestro crecimiento adaptado a cada mercado de forma local. Estos dos nuevos socios estrat\u00e9gicos ser\u00e1n quienes liderar\u00e1n en un primer momento la expansi\u00f3n de Gelatiamo en estos dos nuevos pa\u00edses, donde estamos seguros de que replicaremos el \u00e9xito que hemos tenido en otros lugares de Centroam\u00e9rica como Costa Rica, Panam\u00e1 o Guatemala.<\/p>\n\n\n\n<p>En estos pa\u00edses hemos ido abriendo diferentes puntos de venta siempre adapt\u00e1ndonos a las tendencias y los gustos locales de cada lugar. Adem\u00e1s, nuestros distintos formatos de tienda, que van desde peque\u00f1os kioskos hasta helader\u00edas-cafeter\u00edas de gran tama\u00f1o, nos permite adaptarnos a diferentes zonas de la ciudad en funci\u00f3n de los h\u00e1bitos de consumo locales. Nuestra estrategia de expansi\u00f3n tambi\u00e9n incluye un estudio de los mercados locales, la evaluaci\u00f3n de ubicaciones estrat\u00e9gicas y una selecci\u00f3n cuidada de socios tan comprometidos como nosotros con la excelencia en el servicio.&nbsp;<\/p>\n\n\n\n<h3 class=\"wp-block-heading\">Nuestra variedad de opciones en Gelatiamo: un snack a cualquier hora del d\u00eda<\/h3>\n\n\n\n<p>En Gelatiamo nos hemos convertido en una de las opciones preferidas por miles de clientes que saben que con nosotros van a encontrar una experiencia \u00fanica de sabor, con los mejores ingredientes y una amplia selecci\u00f3n de opciones que van desde deliciosos y cremosos helados, a dulces postres como crepes o gofres, pasando por caf\u00e9s arom\u00e1ticos, frapp\u00e9s y smoothies refrescantes elaborados con fruta natural. Tambi\u00e9n contamos con batidos y opciones de snacks salados que son ideales para disfrutar de un momento de tranquilidad a cualquier hora del d\u00eda.<\/p>\n\n\n\n<p>Eso es lo que nos ha convertido en un referente en el sector y nos ha ayudado a crear una comunidad de clientes que una vez que prueban la experiencia Gelatiamo, no pueden resistirse a volver.<\/p>\n\n\n\n<h2 class=\"wp-block-heading\">El Salvador y Nicaragua: dos nuevos destinos para Gelatiamo con el sabor de siempre<\/h2>\n\n\n\n<p>Los dos nuevos destinos que conocer\u00e1n nuestros helados en los pr\u00f3ximos meses, en El Salvador y Nicaragua nos van a permitir llevar nuestros productos a nuevos clientes. Parte de nuestro prop\u00f3sito es ofrecer a nuestros clientes la experiencia del sabor aut\u00e9ntico de los m\u00e1s deliciosos helados italianos en cualquier lugar del mundo. Queremos ser m\u00e1s que una helader\u00eda, queremos convertirnos en un punto de encuentro para disfrutar de momentos inolvidables mientras saboreas tu postre preferido. Para ello, elaboramos todos nuestros productos con ingredientes de primera calidad y respetando la receta original.<\/p>\n\n\n\n<p>As\u00ed, los nuevos franquiciados podr\u00e1n continuar con nuestra misi\u00f3n y no solo ofrecer nuestros gelatos italianos sino todo el local como una experiencia completa que incluya la mejor atenci\u00f3n en un ambiente agradable y se convierta en un lugar de encuentro para relajarse y conversar.<\/p>\n\n\n\n<h3 class=\"wp-block-heading\">El futuro de Gelatiamo: m\u00e1s all\u00e1 de las fronteras<\/h3>\n\n\n\n<p>La expansi\u00f3n hacia El Salvador y Nicaragua es solo el comienzo de una nueva etapa para Gelatiamo. Cada nueva apertura reafirma nuestro compromiso de llevar el aut\u00e9ntico sabor de los gelatos italianos a cada vez m\u00e1s personas y de convertirnos en la franquicia de referencia en helader\u00edas de toda Latinoam\u00e9rica. Estamos muy ilusionados con lo que vendr\u00e1 en los pr\u00f3ximos meses: nuestras aperturas en El Salvador y Nicaragua, que har\u00e1n que miles de clientes puedan, por fin, disfrutar de su postre favorito.<\/p>\n\n\n\n<p>Esperamos que esto sea \u00fanicamente el comienzo de un largo recorrido de Gelatiamo en estos dos pa\u00edses y que, para aquellos apasionados del helado como nosotros que sue\u00f1an con emprender un negocio, sea tambi\u00e9n un primer paso hacia nuevas oportunidades.&nbsp;<\/p>\n\n\n\n<h2 class=\"wp-block-heading\">Una invitaci\u00f3n a practicar el arte de saborear la vida en El Salvador y Nicaragua&nbsp;<\/h2>\n\n\n\n<p>En Gelatiamo continuamos con nuestra expansi\u00f3n por Centroam\u00e9rica y estamos muy contentos de poder anunciar el cierre del acuerdo comercial con nuestros dos nuevos socios en Nicaragua y El Salvador. Pronto te podremos contar m\u00e1s detalles, pero no olvides que si quieres formar parte de esta gran comunidad que estamos creando, puedes ponerte en contacto con nosotros y t\u00fa tambi\u00e9n <a href=\"https:\/\/www.gelatiamo.eu\/es\/franquicia-gelatiamo\/\">emprender tu propio negocio de Gelatiamo<\/a> en el que comenzar a practicar el arte de saborear la vida.<\/p>\n","protected":false},"excerpt":{"rendered":"<p>Nuestra pasi\u00f3n en Gelatiamo por el sabor del aut\u00e9ntico gelato italiano contin\u00faa expandi\u00e9ndose por todo Centroam\u00e9rica. Hoy, te contamos cu\u00e1les son nuestros pr\u00f3ximos pasos en nuestro plan de expansi\u00f3n: por fin podemos anunciar la llegada inminente de dos nuevos puntos de venta de Gelatiamo, uno en El Salvador y otro en Nicaragua. Estas dos nuevas [&hellip;]<\/p>\n","protected":false},"author":2,"featured_media":1948,"comment_status":"closed","ping_status":"closed","sticky":false,"template":"","format":"standard","meta":{"footnotes":""},"categories":[1],"tags":[],"class_list":["post-1947","post","type-post","status-publish","format-standard","has-post-thumbnail","hentry","category-sin-categorizar"],"yoast_head":"<!-- This site is optimized with the Yoast SEO plugin v27.5 - https:\/\/yoast.com\/product\/yoast-seo-wordpress\/ -->\n<title>\u00a1Gelatiamo se expande! Nuevas aperturas en El Salvador y en Nicaragua<\/title>\n<meta name=\"description\" content=\"Te contamos todos los detalles sobre nuestras pr\u00f3ximas aperturas en Centroam\u00e9rica: Gelatiamo se expande en El Salvador y Nicaragua.\" \/>\n<meta name=\"robots\" content=\"index, follow, max-snippet:-1, max-image-preview:large, max-video-preview:-1\" \/>\n<link rel=\"canonical\" href=\"https:\/\/www.gelatiamo.eu\/es\/publicacion\/nuevas-aperturas-en-el-salvador-y-nicaragua\/\" \/>\n<meta property=\"og:locale\" content=\"en_US\" \/>\n<meta property=\"og:type\" content=\"article\" \/>\n<meta property=\"og:title\" content=\"\u00a1Gelatiamo se expande! Nuevas aperturas en El Salvador y en Nicaragua\" \/>\n<meta property=\"og:description\" content=\"Te contamos todos los detalles sobre nuestras pr\u00f3ximas aperturas en Centroam\u00e9rica: Gelatiamo se expande en El Salvador y Nicaragua.\" \/>\n<meta property=\"og:url\" content=\"https:\/\/www.gelatiamo.eu\/es\/publicacion\/nuevas-aperturas-en-el-salvador-y-nicaragua\/\" \/>\n<meta property=\"og:site_name\" content=\"Gelatiamo\" \/>\n<meta property=\"article:publisher\" content=\"https:\/\/www.facebook.com\/GelatsGelatiamo\" \/>\n<meta property=\"article:published_time\" content=\"2025-06-16T13:11:30+00:00\" \/>\n<meta property=\"og:image\" content=\"https:\/\/www.gelatiamo.eu\/wp-content\/uploads\/MAI_2012-scaled.jpg\" \/>\n\t<meta property=\"og:image:width\" content=\"2560\" \/>\n\t<meta property=\"og:image:height\" content=\"1707\" \/>\n\t<meta property=\"og:image:type\" content=\"image\/jpeg\" \/>\n<meta name=\"author\" content=\"Gelatiamo\" \/>\n<meta name=\"twitter:card\" content=\"summary_large_image\" \/>\n<meta name=\"twitter:label1\" content=\"Written by\" \/>\n\t<meta name=\"twitter:data1\" content=\"Gelatiamo\" \/>\n\t<meta name=\"twitter:label2\" content=\"Est. reading time\" \/>\n\t<meta name=\"twitter:data2\" content=\"5 minutes\" \/>\n<script type=\"application\/ld+json\" class=\"yoast-schema-graph\">{\"@context\":\"https:\\\/\\\/schema.org\",\"@graph\":[{\"@type\":\"Article\",\"@id\":\"https:\\\/\\\/www.gelatiamo.eu\\\/es\\\/publicacion\\\/nuevas-aperturas-en-el-salvador-y-nicaragua\\\/#article\",\"isPartOf\":{\"@id\":\"https:\\\/\\\/www.gelatiamo.eu\\\/es\\\/publicacion\\\/nuevas-aperturas-en-el-salvador-y-nicaragua\\\/\"},\"author\":{\"name\":\"Gelatiamo\",\"@id\":\"https:\\\/\\\/www.gelatiamo.eu\\\/es\\\/#\\\/schema\\\/person\\\/6b2efc695e6ea8b87f5ea94dcb5c0229\"},\"headline\":\"\u00a1Gelatiamo se expande! Nuevas aperturas en El Salvador y en Nicaragua\",\"datePublished\":\"2025-06-16T13:11:30+00:00\",\"mainEntityOfPage\":{\"@id\":\"https:\\\/\\\/www.gelatiamo.eu\\\/es\\\/publicacion\\\/nuevas-aperturas-en-el-salvador-y-nicaragua\\\/\"},\"wordCount\":1124,\"publisher\":{\"@id\":\"https:\\\/\\\/www.gelatiamo.eu\\\/es\\\/#organization\"},\"image\":{\"@id\":\"https:\\\/\\\/www.gelatiamo.eu\\\/es\\\/publicacion\\\/nuevas-aperturas-en-el-salvador-y-nicaragua\\\/#primaryimage\"},\"thumbnailUrl\":\"https:\\\/\\\/www.gelatiamo.eu\\\/wp-content\\\/uploads\\\/MAI_2012-scaled.jpg\",\"articleSection\":[\"Sin categorizar\"],\"inLanguage\":\"en-US\"},{\"@type\":\"WebPage\",\"@id\":\"https:\\\/\\\/www.gelatiamo.eu\\\/es\\\/publicacion\\\/nuevas-aperturas-en-el-salvador-y-nicaragua\\\/\",\"url\":\"https:\\\/\\\/www.gelatiamo.eu\\\/es\\\/publicacion\\\/nuevas-aperturas-en-el-salvador-y-nicaragua\\\/\",\"name\":\"\u00a1Gelatiamo se expande! Nuevas aperturas en El Salvador y en Nicaragua\",\"isPartOf\":{\"@id\":\"https:\\\/\\\/www.gelatiamo.eu\\\/es\\\/#website\"},\"primaryImageOfPage\":{\"@id\":\"https:\\\/\\\/www.gelatiamo.eu\\\/es\\\/publicacion\\\/nuevas-aperturas-en-el-salvador-y-nicaragua\\\/#primaryimage\"},\"image\":{\"@id\":\"https:\\\/\\\/www.gelatiamo.eu\\\/es\\\/publicacion\\\/nuevas-aperturas-en-el-salvador-y-nicaragua\\\/#primaryimage\"},\"thumbnailUrl\":\"https:\\\/\\\/www.gelatiamo.eu\\\/wp-content\\\/uploads\\\/MAI_2012-scaled.jpg\",\"datePublished\":\"2025-06-16T13:11:30+00:00\",\"description\":\"Te contamos todos los detalles sobre nuestras pr\u00f3ximas aperturas en Centroam\u00e9rica: Gelatiamo se expande en El Salvador y Nicaragua.\",\"breadcrumb\":{\"@id\":\"https:\\\/\\\/www.gelatiamo.eu\\\/es\\\/publicacion\\\/nuevas-aperturas-en-el-salvador-y-nicaragua\\\/#breadcrumb\"},\"inLanguage\":\"en-US\",\"potentialAction\":[{\"@type\":\"ReadAction\",\"target\":[\"https:\\\/\\\/www.gelatiamo.eu\\\/es\\\/publicacion\\\/nuevas-aperturas-en-el-salvador-y-nicaragua\\\/\"]}]},{\"@type\":\"ImageObject\",\"inLanguage\":\"en-US\",\"@id\":\"https:\\\/\\\/www.gelatiamo.eu\\\/es\\\/publicacion\\\/nuevas-aperturas-en-el-salvador-y-nicaragua\\\/#primaryimage\",\"url\":\"https:\\\/\\\/www.gelatiamo.eu\\\/wp-content\\\/uploads\\\/MAI_2012-scaled.jpg\",\"contentUrl\":\"https:\\\/\\\/www.gelatiamo.eu\\\/wp-content\\\/uploads\\\/MAI_2012-scaled.jpg\",\"width\":2560,\"height\":1707,\"caption\":\"Nuevas aperturas en El Salvador y en Nicaragua\"},{\"@type\":\"BreadcrumbList\",\"@id\":\"https:\\\/\\\/www.gelatiamo.eu\\\/es\\\/publicacion\\\/nuevas-aperturas-en-el-salvador-y-nicaragua\\\/#breadcrumb\",\"itemListElement\":[{\"@type\":\"ListItem\",\"position\":1,\"name\":\"Portada\",\"item\":\"https:\\\/\\\/www.gelatiamo.eu\\\/es\\\/\"},{\"@type\":\"ListItem\",\"position\":2,\"name\":\"\u00a1Gelatiamo se expande! Nuevas aperturas en El Salvador y en Nicaragua\"}]},{\"@type\":\"WebSite\",\"@id\":\"https:\\\/\\\/www.gelatiamo.eu\\\/es\\\/#website\",\"url\":\"https:\\\/\\\/www.gelatiamo.eu\\\/es\\\/\",\"name\":\"Gelatiamo\",\"description\":\"Disfruta del Arte de Saborear la Vida.\",\"publisher\":{\"@id\":\"https:\\\/\\\/www.gelatiamo.eu\\\/es\\\/#organization\"},\"potentialAction\":[{\"@type\":\"SearchAction\",\"target\":{\"@type\":\"EntryPoint\",\"urlTemplate\":\"https:\\\/\\\/www.gelatiamo.eu\\\/es\\\/?s={search_term_string}\"},\"query-input\":{\"@type\":\"PropertyValueSpecification\",\"valueRequired\":true,\"valueName\":\"search_term_string\"}}],\"inLanguage\":\"en-US\"},{\"@type\":\"Organization\",\"@id\":\"https:\\\/\\\/www.gelatiamo.eu\\\/es\\\/#organization\",\"name\":\"Gelatiamo\",\"url\":\"https:\\\/\\\/www.gelatiamo.eu\\\/es\\\/\",\"logo\":{\"@type\":\"ImageObject\",\"inLanguage\":\"en-US\",\"@id\":\"https:\\\/\\\/www.gelatiamo.eu\\\/es\\\/#\\\/schema\\\/logo\\\/image\\\/\",\"url\":\"https:\\\/\\\/www.gelatiamo.eu\\\/wp-content\\\/uploads\\\/2024\\\/04\\\/FAVICONGELATIAMO.svg\",\"contentUrl\":\"https:\\\/\\\/www.gelatiamo.eu\\\/wp-content\\\/uploads\\\/2024\\\/04\\\/FAVICONGELATIAMO.svg\",\"width\":18,\"height\":32,\"caption\":\"Gelatiamo\"},\"image\":{\"@id\":\"https:\\\/\\\/www.gelatiamo.eu\\\/es\\\/#\\\/schema\\\/logo\\\/image\\\/\"},\"sameAs\":[\"https:\\\/\\\/www.facebook.com\\\/GelatsGelatiamo\",\"https:\\\/\\\/www.instagram.com\\\/gelatiamo_world\\\/\"]},{\"@type\":\"Person\",\"@id\":\"https:\\\/\\\/www.gelatiamo.eu\\\/es\\\/#\\\/schema\\\/person\\\/6b2efc695e6ea8b87f5ea94dcb5c0229\",\"name\":\"Gelatiamo\",\"image\":{\"@type\":\"ImageObject\",\"inLanguage\":\"en-US\",\"@id\":\"https:\\\/\\\/secure.gravatar.com\\\/avatar\\\/7a1bcf59244fdbb291a7dbdbe66d0829b47037004324a32cd7b1a3ac3c47732a?s=96&d=mm&r=g\",\"url\":\"https:\\\/\\\/secure.gravatar.com\\\/avatar\\\/7a1bcf59244fdbb291a7dbdbe66d0829b47037004324a32cd7b1a3ac3c47732a?s=96&d=mm&r=g\",\"contentUrl\":\"https:\\\/\\\/secure.gravatar.com\\\/avatar\\\/7a1bcf59244fdbb291a7dbdbe66d0829b47037004324a32cd7b1a3ac3c47732a?s=96&d=mm&r=g\",\"caption\":\"Gelatiamo\"},\"url\":\"https:\\\/\\\/www.gelatiamo.eu\\\/en\\\/publicacion\\\/author\\\/gelatiamo\\\/\"}]}<\/script>\n<!-- \/ Yoast SEO plugin. -->","yoast_head_json":{"title":"\u00a1Gelatiamo se expande! Nuevas aperturas en El Salvador y en Nicaragua","description":"Te contamos todos los detalles sobre nuestras pr\u00f3ximas aperturas en Centroam\u00e9rica: Gelatiamo se expande en El Salvador y Nicaragua.","robots":{"index":"index","follow":"follow","max-snippet":"max-snippet:-1","max-image-preview":"max-image-preview:large","max-video-preview":"max-video-preview:-1"},"canonical":"https:\/\/www.gelatiamo.eu\/es\/publicacion\/nuevas-aperturas-en-el-salvador-y-nicaragua\/","og_locale":"en_US","og_type":"article","og_title":"\u00a1Gelatiamo se expande! Nuevas aperturas en El Salvador y en Nicaragua","og_description":"Te contamos todos los detalles sobre nuestras pr\u00f3ximas aperturas en Centroam\u00e9rica: Gelatiamo se expande en El Salvador y Nicaragua.","og_url":"https:\/\/www.gelatiamo.eu\/es\/publicacion\/nuevas-aperturas-en-el-salvador-y-nicaragua\/","og_site_name":"Gelatiamo","article_publisher":"https:\/\/www.facebook.com\/GelatsGelatiamo","article_published_time":"2025-06-16T13:11:30+00:00","og_image":[{"width":2560,"height":1707,"url":"https:\/\/www.gelatiamo.eu\/wp-content\/uploads\/MAI_2012-scaled.jpg","type":"image\/jpeg"}],"author":"Gelatiamo","twitter_card":"summary_large_image","twitter_misc":{"Written by":"Gelatiamo","Est. reading time":"5 minutes"},"schema":{"@context":"https:\/\/schema.org","@graph":[{"@type":"Article","@id":"https:\/\/www.gelatiamo.eu\/es\/publicacion\/nuevas-aperturas-en-el-salvador-y-nicaragua\/#article","isPartOf":{"@id":"https:\/\/www.gelatiamo.eu\/es\/publicacion\/nuevas-aperturas-en-el-salvador-y-nicaragua\/"},"author":{"name":"Gelatiamo","@id":"https:\/\/www.gelatiamo.eu\/es\/#\/schema\/person\/6b2efc695e6ea8b87f5ea94dcb5c0229"},"headline":"\u00a1Gelatiamo se expande! Nuevas aperturas en El Salvador y en Nicaragua","datePublished":"2025-06-16T13:11:30+00:00","mainEntityOfPage":{"@id":"https:\/\/www.gelatiamo.eu\/es\/publicacion\/nuevas-aperturas-en-el-salvador-y-nicaragua\/"},"wordCount":1124,"publisher":{"@id":"https:\/\/www.gelatiamo.eu\/es\/#organization"},"image":{"@id":"https:\/\/www.gelatiamo.eu\/es\/publicacion\/nuevas-aperturas-en-el-salvador-y-nicaragua\/#primaryimage"},"thumbnailUrl":"https:\/\/www.gelatiamo.eu\/wp-content\/uploads\/MAI_2012-scaled.jpg","articleSection":["Sin categorizar"],"inLanguage":"en-US"},{"@type":"WebPage","@id":"https:\/\/www.gelatiamo.eu\/es\/publicacion\/nuevas-aperturas-en-el-salvador-y-nicaragua\/","url":"https:\/\/www.gelatiamo.eu\/es\/publicacion\/nuevas-aperturas-en-el-salvador-y-nicaragua\/","name":"\u00a1Gelatiamo se expande! Nuevas aperturas en El Salvador y en Nicaragua","isPartOf":{"@id":"https:\/\/www.gelatiamo.eu\/es\/#website"},"primaryImageOfPage":{"@id":"https:\/\/www.gelatiamo.eu\/es\/publicacion\/nuevas-aperturas-en-el-salvador-y-nicaragua\/#primaryimage"},"image":{"@id":"https:\/\/www.gelatiamo.eu\/es\/publicacion\/nuevas-aperturas-en-el-salvador-y-nicaragua\/#primaryimage"},"thumbnailUrl":"https:\/\/www.gelatiamo.eu\/wp-content\/uploads\/MAI_2012-scaled.jpg","datePublished":"2025-06-16T13:11:30+00:00","description":"Te contamos todos los detalles sobre nuestras pr\u00f3ximas aperturas en Centroam\u00e9rica: Gelatiamo se expande en El Salvador y Nicaragua.","breadcrumb":{"@id":"https:\/\/www.gelatiamo.eu\/es\/publicacion\/nuevas-aperturas-en-el-salvador-y-nicaragua\/#breadcrumb"},"inLanguage":"en-US","potentialAction":[{"@type":"ReadAction","target":["https:\/\/www.gelatiamo.eu\/es\/publicacion\/nuevas-aperturas-en-el-salvador-y-nicaragua\/"]}]},{"@type":"ImageObject","inLanguage":"en-US","@id":"https:\/\/www.gelatiamo.eu\/es\/publicacion\/nuevas-aperturas-en-el-salvador-y-nicaragua\/#primaryimage","url":"https:\/\/www.gelatiamo.eu\/wp-content\/uploads\/MAI_2012-scaled.jpg","contentUrl":"https:\/\/www.gelatiamo.eu\/wp-content\/uploads\/MAI_2012-scaled.jpg","width":2560,"height":1707,"caption":"Nuevas aperturas en El Salvador y en Nicaragua"},{"@type":"BreadcrumbList","@id":"https:\/\/www.gelatiamo.eu\/es\/publicacion\/nuevas-aperturas-en-el-salvador-y-nicaragua\/#breadcrumb","itemListElement":[{"@type":"ListItem","position":1,"name":"Portada","item":"https:\/\/www.gelatiamo.eu\/es\/"},{"@type":"ListItem","position":2,"name":"\u00a1Gelatiamo se expande! Nuevas aperturas en El Salvador y en Nicaragua"}]},{"@type":"WebSite","@id":"https:\/\/www.gelatiamo.eu\/es\/#website","url":"https:\/\/www.gelatiamo.eu\/es\/","name":"Gelatiamo","description":"Disfruta del Arte de Saborear la Vida.","publisher":{"@id":"https:\/\/www.gelatiamo.eu\/es\/#organization"},"potentialAction":[{"@type":"SearchAction","target":{"@type":"EntryPoint","urlTemplate":"https:\/\/www.gelatiamo.eu\/es\/?s={search_term_string}"},"query-input":{"@type":"PropertyValueSpecification","valueRequired":true,"valueName":"search_term_string"}}],"inLanguage":"en-US"},{"@type":"Organization","@id":"https:\/\/www.gelatiamo.eu\/es\/#organization","name":"Gelatiamo","url":"https:\/\/www.gelatiamo.eu\/es\/","logo":{"@type":"ImageObject","inLanguage":"en-US","@id":"https:\/\/www.gelatiamo.eu\/es\/#\/schema\/logo\/image\/","url":"https:\/\/www.gelatiamo.eu\/wp-content\/uploads\/2024\/04\/FAVICONGELATIAMO.svg","contentUrl":"https:\/\/www.gelatiamo.eu\/wp-content\/uploads\/2024\/04\/FAVICONGELATIAMO.svg","width":18,"height":32,"caption":"Gelatiamo"},"image":{"@id":"https:\/\/www.gelatiamo.eu\/es\/#\/schema\/logo\/image\/"},"sameAs":["https:\/\/www.facebook.com\/GelatsGelatiamo","https:\/\/www.instagram.com\/gelatiamo_world\/"]},{"@type":"Person","@id":"https:\/\/www.gelatiamo.eu\/es\/#\/schema\/person\/6b2efc695e6ea8b87f5ea94dcb5c0229","name":"Gelatiamo","image":{"@type":"ImageObject","inLanguage":"en-US","@id":"https:\/\/secure.gravatar.com\/avatar\/7a1bcf59244fdbb291a7dbdbe66d0829b47037004324a32cd7b1a3ac3c47732a?s=96&d=mm&r=g","url":"https:\/\/secure.gravatar.com\/avatar\/7a1bcf59244fdbb291a7dbdbe66d0829b47037004324a32cd7b1a3ac3c47732a?s=96&d=mm&r=g","contentUrl":"https:\/\/secure.gravatar.com\/avatar\/7a1bcf59244fdbb291a7dbdbe66d0829b47037004324a32cd7b1a3ac3c47732a?s=96&d=mm&r=g","caption":"Gelatiamo"},"url":"https:\/\/www.gelatiamo.eu\/en\/publicacion\/author\/gelatiamo\/"}]}},"_links":{"self":[{"href":"https:\/\/www.gelatiamo.eu\/en\/wp-json\/wp\/v2\/posts\/1947","targetHints":{"allow":["GET"]}}],"collection":[{"href":"https:\/\/www.gelatiamo.eu\/en\/wp-json\/wp\/v2\/posts"}],"about":[{"href":"https:\/\/www.gelatiamo.eu\/en\/wp-json\/wp\/v2\/types\/post"}],"author":[{"embeddable":true,"href":"https:\/\/www.gelatiamo.eu\/en\/wp-json\/wp\/v2\/users\/2"}],"replies":[{"embeddable":true,"href":"https:\/\/www.gelatiamo.eu\/en\/wp-json\/wp\/v2\/comments?post=1947"}],"version-history":[{"count":1,"href":"https:\/\/www.gelatiamo.eu\/en\/wp-json\/wp\/v2\/posts\/1947\/revisions"}],"predecessor-version":[{"id":1951,"href":"https:\/\/www.gelatiamo.eu\/en\/wp-json\/wp\/v2\/posts\/1947\/revisions\/1951"}],"wp:featuredmedia":[{"embeddable":true,"href":"https:\/\/www.gelatiamo.eu\/en\/wp-json\/wp\/v2\/media\/1948"}],"wp:attachment":[{"href":"https:\/\/www.gelatiamo.eu\/en\/wp-json\/wp\/v2\/media?parent=1947"}],"wp:term":[{"taxonomy":"category","embeddable":true,"href":"https:\/\/www.gelatiamo.eu\/en\/wp-json\/wp\/v2\/categories?post=1947"},{"taxonomy":"post_tag","embeddable":true,"href":"https:\/\/www.gelatiamo.eu\/en\/wp-json\/wp\/v2\/tags?post=1947"}],"curies":[{"name":"wp","href":"https:\/\/api.w.org\/{rel}","templated":true}]}}